{"id":12908,"date":"2020-10-17T09:36:12","date_gmt":"2020-10-17T09:36:12","guid":{"rendered":"http:\/\/intranet.asbl.ca\/blog\/?p=12908"},"modified":"2020-10-05T02:24:29","modified_gmt":"2020-10-05T02:24:29","slug":"rencontre-avec-les-bad-gones","status":"publish","type":"post","link":"http:\/\/intranet.asbl.ca\/blog\/2020\/10\/17\/rencontre-avec-les-bad-gones\/","title":{"rendered":"Rencontre Avec Les Bad Gones"},"content":{"rendered":"<p>Qualifi\u00e9 miraculeusement en huiti\u00e8me de finale de Ligue des champions apr\u00e8s son nul 2-2 contre Leipzig, Lyon a connu une dr\u00f4le de fin de soir\u00e9e. Apr\u00e8s le coup de sifflet final, des \u00e9chauffour\u00e9es ont \u00e9clat\u00e9 entre joueurs et supporters lyonnais.   Lune des rares apparition publique en tribune des ind\u00e9pendants, men\u00e9e par les identitaires. Mars 2008, match Lyon-Bordeaux. Dici-l\u00e0 et en attendant la fin de ce feuilleton, profitons de ces quelques jours de tr\u00eave pour reposer nos cordes vocales, la saison nest pas finie, conclut le communiqu\u00e9. Contamin\u00e9 par le Covid-19 \u00e0 la mi-avril, le photographe et r\u00e9alisateur Yann Arthus-Bertrand a men\u00e9 un vrai combat. Sest confi\u00e9 \u00e0 LYonne R\u00e9publique sur son \u00e9tat de sant\u00e9: \u00c7a va mieux, mais jai pass\u00e9 une tr\u00e8s mauvaise semaine o\u00f9 jai beaucoup dormi. Je nai pas mang\u00e9, ayant perdu le go\u00fbt et lodorat. Javais perdu six kilos que jai repris. Pour militant \u00e9cologiste, la pand\u00e9mie est li\u00e9e au m\u00e9pris de lenvironnement: Le vrai probl\u00e8me, ce sont les \u00e9levages industriels Si on navait pas propos\u00e9 \u00e0 la vente des chauves-souris dans les march\u00e9s, il ny aurait pas eu de coronavirus. Nous privil\u00e9gions les sujets autour des belles initiatives et des beaux projets du football. <img decoding=\"async\" src=\"http:\/\/www.leliberolyon.fr\/wp-content\/uploads\/2014\/05\/Garde-KVN-1024x599.jpg\" alt=\"rencontre avec les bad gones\" align=\"center\"> publi\u00e9 le 14042017 \u00e0 18h11 actualis\u00e9 le 19042017 \u00e0 15h20 imprim\u00e9 le 13062020 \u00e0 15h19 Apr\u00e8s le but de Nabil Fekir \u00e0 droite, lors du match OL-OM, dimanche 23 septembre au Parc OL, \u00e0 D\u00e9cines. JEAN-PHILIPPE KSIAZEK AFP <img decoding=\"async\" src=\"http:\/\/s-www.ledauphine.com\/images\/FDD517C5-7F60-40C8-86DD-20B0DDDA680E\/LDL_V0_12\/lors-de-la-rencontre-de-football-opposant-l-ol-a-troyes-photo-le-dl-jean-francois-souchet-1452426705.jpg\" alt=\"rencontre avec les bad gones\" align=\"left\"> Mon papa est mort ce matin du coronavirus.. Merci dhonor\u00e9 sa m\u00e9moire. Cest une grande l\u00e9gende du Soukouss que le peuple congolais perd aujourdhui. Je suis inconsolable et effondr\u00e9e. Mon papa que jaime tant.. Aurlus Mabele.. Nous avons rencontr\u00e9 le pr\u00e9sident et Juni en octobre, afin de leur faire part du comportement inadmissible dun joueur ayant la f\u00e2cheuse habitude de montrer peu de respect \u00e0 notre club, \u00e0 son public et \u00e0 notre kop. Nous avons alors esp\u00e9r\u00e9 que cela se r\u00e9glerait en interne, comme la plupart du temps, simplement! Si nous avions \u00e9t\u00e9 entendus ou ne serait-ce qu\u00e9cout\u00e9s, nous nen serions pas l\u00e0 aujourdhui, estiment les Bad Gones, qui vont encore plus loin quelques lignes plus tard. Disponible uniquement sur les pages programmes pour le moment. Ray Bradbury explique \u00e0 travers la bouche du personnage Beatty quune personne particuli\u00e8rement inculte aura tendance \u00e0 nourrir de la jalousie et m\u00eame de la haine envers une personne cultiv\u00e9e. Cest pourquoi lire est devenu un comportement asocial. Les livres d\u00e9rangent la tranquillit\u00e9 desprit collective des masses qui se complaisent dans leur ignorance. Le tour des Stades \u00e0 la rencontre du supporterisme  Alors que la situation contractuelle du technicien nest toujours pas r\u00e9gl\u00e9e, le d\u00e9nouement de ce dossier approche puisque Jean-Michel Aulas a fix\u00e9 r\u00e9cemment l\u00e9ch\u00e9ance du 31 mars pour annoncer sa d\u00e9cision. OL-Les incidents entre supporters et joueurs racont\u00e9s par un fan des Gones <img decoding=\"async\" src=\"http:\/\/errhonealpes.com\/wp-content\/uploads\/2017\/02\/Banderole-Bad-Gones.jpg\" alt=\"rencontre avec les bad gones\" align=\"center\"> CROC30 Il y a 6 mois Le 11122019 \u00e0 16:45 Signaler un abus Si non, et si je devais te r\u00e9pondre comme un mec de twitter impulsif, non r\u00e9fl\u00e9chi, etc ou comme un mec des BG qui se dit Mais nimpooooorte quoi :, arr\u00eates de te foutre de ma gueule Cqui mfait tripper \u00e0 chaque fois je sais cest super con, cest quand ils ferment leur bagnoles depuis la cl\u00e9 avec la fermeture centralis\u00e9e, le ptit coup de klaxonmais pourquoi!! Quand tes sur un parking de centre commercial avec des centaines et des centaines de bagnoles cest nimporte quoi hahaha .<\/p>\n","protected":false},"excerpt":{"rendered":"<p>rencontre avec les bad gones<\/p>\n","protected":false},"author":1,"featured_media":0,"comment_status":"closed","ping_status":"closed","sticky":false,"template":"","format":"standard","meta":{"footnotes":""},"categories":[1],"tags":[],"_links":{"self":[{"href":"http:\/\/intranet.asbl.ca\/blog\/wp-json\/wp\/v2\/posts\/12908"}],"collection":[{"href":"http:\/\/intranet.asbl.ca\/blog\/wp-json\/wp\/v2\/posts"}],"about":[{"href":"http:\/\/intranet.asbl.ca\/blog\/wp-json\/wp\/v2\/types\/post"}],"author":[{"embeddable":true,"href":"http:\/\/intranet.asbl.ca\/blog\/wp-json\/wp\/v2\/users\/1"}],"replies":[{"embeddable":true,"href":"http:\/\/intranet.asbl.ca\/blog\/wp-json\/wp\/v2\/comments?post=12908"}],"version-history":[{"count":1,"href":"http:\/\/intranet.asbl.ca\/blog\/wp-json\/wp\/v2\/posts\/12908\/revisions"}],"predecessor-version":[{"id":12909,"href":"http:\/\/intranet.asbl.ca\/blog\/wp-json\/wp\/v2\/posts\/12908\/revisions\/12909"}],"wp:attachment":[{"href":"http:\/\/intranet.asbl.ca\/blog\/wp-json\/wp\/v2\/media?parent=12908"}],"wp:term":[{"taxonomy":"category","embeddable":true,"href":"http:\/\/intranet.asbl.ca\/blog\/wp-json\/wp\/v2\/categories?post=12908"},{"taxonomy":"post_tag","embeddable":true,"href":"http:\/\/intranet.asbl.ca\/blog\/wp-json\/wp\/v2\/tags?post=12908"}],"curies":[{"name":"wp","href":"https:\/\/api.w.org\/{rel}","templated":true}]}}