{"id":13074,"date":"2020-10-17T09:57:01","date_gmt":"2020-10-17T09:57:01","guid":{"rendered":"http:\/\/intranet.asbl.ca\/blog\/?p=13074"},"modified":"2020-10-05T07:30:34","modified_gmt":"2020-10-05T07:30:34","slug":"rencontre-internationale-de-cyclotourisme","status":"publish","type":"post","link":"http:\/\/intranet.asbl.ca\/blog\/2020\/10\/17\/rencontre-internationale-de-cyclotourisme\/","title":{"rendered":"Rencontre Internationale De Cyclotourisme"},"content":{"rendered":"<p>Le cyclisme urbain constitue la branche du cyclisme d\u00e9volue au. Il sagit de tout ce qui est relatif aux d\u00e9placements \u00e0 sur de petites et moyennes distances quelques kilom\u00e8tres en milieu quasi exclusivement urbain dans la et sa proche, cest-\u00e0-dire en partageant la avec les autres motoris\u00e9s ou non. Sur une distance entre un et sept kilom\u00e8tres le v\u00e9lo est le mode de transport le plus rapide. Au-del\u00e0 de cette praticit\u00e9, le cyclisme urbain vise \u00e0 limiter la et \u00e0 diminuer lengorgement croissant des villes par lusage massif de l. De plus, ses bienfaits multiples pour la sant\u00e9 individuelle sont reconnus. Il fait partie de l. Qualit\u00e9 Les labels v\u00e9lo Am\u00e9nagements cyclables, s\u00e9curit\u00e9, animations, patrimoine, circuits route, VTT : le meilleur du v\u00e9lo, o\u00f9 que vous soyez. Approche assez longue, mais en pente douce de Siaugues Saint Romain. Les 2 groupes se rejoindront \u00e0 lentr\u00e9e de Lamothe, puis feront une arriv\u00e9e commune-avec une pause \u00e0 Saint Georges dAurac Plus confortable selon les aficionados. Notamment pour les fesses et le dos. Samedi 14 d\u00e9cembre-F\u00eate des 40 ans du VCMB-Ap\u00e9ritif dinatoire convivial r\u00e9serv\u00e9 aux adh\u00e9rents du VCMB compagnone enfants mineurs et nos invit\u00e9s, apr\u00e8s inscription d\u00e9tails \u00e0 venir bient\u00f4t Dans le contexte actuel li\u00e9 \u00e0 la crise sanitaire, l a 82 e  <img decoding=\"async\" src=\"http:\/\/img.over-blog-kiwi.com\/0\/50\/87\/62\/20160327\/ob_9ff09f_rencontre-des-ecoles-de-velo-a-dama.jpg\" alt=\"rencontre internationale de cyclotourisme\" align=\"left\"> Conform\u00e9ment aux directives gouvernementales, de la F\u00e9d\u00e9ration Fran\u00e7aise de Cyclotourisme, de notre pr\u00e9sident Laurent Guth voir mot du pr\u00e9sident dans page accueilet de la forte probabilit\u00e9 que le confinement soit effectif jusquau 15 avril, la randonn\u00e9e du 9 avril est report\u00e9e \u00e0 une date ult\u00e9rieure non connue \u00e0 ce jour. Le canal des Deux Mers est un parcours cyclable de 800km qui relie S\u00e8te \u00e0 Royan. Au sein du parcours, on retrouve le c\u00e9l\u00e8bre Canal du Midi, inscrit au Patrimoine Mondial de lUnesco. Pas de groupe 1 ou de groupe 2, tous dans la roue de Christian. <img decoding=\"async\" src=\"http:\/\/s-www.estrepublicain.fr\/images\/A256C34A-FBFE-438D-9D52-BA599CE3EA67\/ERV_04\/rencontre-interecoles-cyclos-1490725621.jpg\" alt=\"rencontre internationale de cyclotourisme\" align=\"right\">  Le 6 juillet je me suis \u00e9chauff\u00e9 sur les pentes du col du La course la plus c\u00e9l\u00e8bre, le Tour de France, est lanc\u00e9e \u00e0 linitiative dun journal sportif : lAuto en 1903. Strasbourg a accueilli cette comp\u00e9tition \u00e0 plusieurs reprises, soit comme ville d\u00e9tape, soit comme ville de d\u00e9part, pour le cinquantenaire en 1953 et pour le centenaire, en 2003.  <img decoding=\"async\" src=\"http:\/\/www.todofuitbol.cf\/var\/ezflow_site\/storage\/images\/docfr7\/cartes\/conflits\/c001781-l-iran-dans-les-tensions-de-son-environnement-fin-2015\/20765398-1-fre-FR\/L-Iran-dans-les-tensions-de-son-environnement-fin-2015_large_carte.jpg\" alt=\"rencontre internationale de cyclotourisme\" align=\"left\"> nombreuses routes s\u00e9curis\u00e9es, tous les panneaux humoristiques que jai pris souvent le temps de lire, et tous les b\u00e9n\u00e9voles et spectateurs qui nous encouragent sur ce beau parcours. 25C de LEurov\u00e9lo 10 est r\u00e9alis\u00e9 et balis\u00e9 au Danemark et Estonie. Il est d\u00e9velopp\u00e9 en Allemagne et Lituanie. Pour le reste, les travaux de r\u00e9alisation sont encore en cours! Par Val\u00e9rie Pr\u00e9tot Publi\u00e9 le 05082019 \u00e0 11:40 Mis \u00e0 jour le 05082019 \u00e0 11:45 petites routes sans grande circulation, mais ce long d\u00e9placement valait-il le coup. Peut-\u00eatre que non, peut-\u00eatre que oui car nous avons visit\u00e9 la ville de Cracovie et sa mine de sel, ainsi que.<\/p>\n","protected":false},"excerpt":{"rendered":"<p>rencontre internationale de cyclotourisme<\/p>\n","protected":false},"author":1,"featured_media":0,"comment_status":"closed","ping_status":"closed","sticky":false,"template":"","format":"standard","meta":{"footnotes":""},"categories":[1],"tags":[],"_links":{"self":[{"href":"http:\/\/intranet.asbl.ca\/blog\/wp-json\/wp\/v2\/posts\/13074"}],"collection":[{"href":"http:\/\/intranet.asbl.ca\/blog\/wp-json\/wp\/v2\/posts"}],"about":[{"href":"http:\/\/intranet.asbl.ca\/blog\/wp-json\/wp\/v2\/types\/post"}],"author":[{"embeddable":true,"href":"http:\/\/intranet.asbl.ca\/blog\/wp-json\/wp\/v2\/users\/1"}],"replies":[{"embeddable":true,"href":"http:\/\/intranet.asbl.ca\/blog\/wp-json\/wp\/v2\/comments?post=13074"}],"version-history":[{"count":1,"href":"http:\/\/intranet.asbl.ca\/blog\/wp-json\/wp\/v2\/posts\/13074\/revisions"}],"predecessor-version":[{"id":13075,"href":"http:\/\/intranet.asbl.ca\/blog\/wp-json\/wp\/v2\/posts\/13074\/revisions\/13075"}],"wp:attachment":[{"href":"http:\/\/intranet.asbl.ca\/blog\/wp-json\/wp\/v2\/media?parent=13074"}],"wp:term":[{"taxonomy":"category","embeddable":true,"href":"http:\/\/intranet.asbl.ca\/blog\/wp-json\/wp\/v2\/categories?post=13074"},{"taxonomy":"post_tag","embeddable":true,"href":"http:\/\/intranet.asbl.ca\/blog\/wp-json\/wp\/v2\/tags?post=13074"}],"curies":[{"name":"wp","href":"https:\/\/api.w.org\/{rel}","templated":true}]}}