{"id":13112,"date":"2020-10-17T07:14:35","date_gmt":"2020-10-17T07:14:35","guid":{"rendered":"http:\/\/intranet.asbl.ca\/blog\/?p=13112"},"modified":"2020-10-05T08:44:56","modified_gmt":"2020-10-05T08:44:56","slug":"rencontres-cinema-montagne-2012","status":"publish","type":"post","link":"http:\/\/intranet.asbl.ca\/blog\/2020\/10\/17\/rencontres-cinema-montagne-2012\/","title":{"rendered":"Rencontres Cinema Montagne 2012"},"content":{"rendered":"<p>Annonce compl\u00e8te : Les auteurs de lagenda de recherche strat\u00e9gique ont pour objectif ambitieux de voir plus de sujets de montagne inclus dans le programme de travail 2018-2020 dHorizon 2020, et dans les futurs programmes de financement de la recherche. L\u00e9v\u00e9nement, Montagnes pour lavenir de lEurope : inclure les montagnes dans le programme Horizon 2020, a \u00e9t\u00e9 tr\u00e8s bien suivie et a attir\u00e9 lint\u00e9r\u00eat de la Commission europ\u00e9enne. Cela confirme limportance de cet effort! LIRM est heureux de partager ce document strat\u00e9gique avec vous, en esp\u00e9rant que ses arguments pour expliquer pourquoi les montagnes sont importantes pour toute lEurope, ainsi que ses activit\u00e9s de recherche recommand\u00e9es trouveront leur chemin dans les discussions et les programmes pertinents. TEL PERE, TEL FILS KORE-EDA Hirokazu-dist : LE PACTE Court r\u00e9sum\u00e9 de lannonce : Depuis maintenant 10 ans, les scientifiques du CREA proposent aux habitants de la montagne dobserver le comportement des plantes qui les environnent. Ph\u00e9noclim, un programme de sciences participatives, permet d\u00e9tablir une veille permanente sur la v\u00e9g\u00e9tation de montagne avec lobjectif de mieux comprendre limpact du changement climatique en cours. Lhiver 2013-2014: le deuxi\u00e8me plus chaud depuis 1900! Outre cet objectif scientifique, Ph\u00e9noclim vise \u00e0 sensibiliser le grand public \u00e0 limpact du changement climatique sur la v\u00e9g\u00e9tation en invitant les particuliers, les scolaires ou encore les gestionnaires despaces prot\u00e9g\u00e9s \u00e0 observer le comportement des plantes autour de chez eux, les rendant ainsi acteurs du programme. La saison est lanc\u00e9e et cest la p\u00e9riode id\u00e9ale pour rejoindre laventure! maintenant, on tombe sur des gens qui entonnent des m\u00e9lop\u00e9es, qui m\u00e9ditent, Avec laide du jeune Tarik, qui lui sert dinterpr\u00e8te, il tente de gagner la confiance de la communaut\u00e9 et des chefs locaux. <img decoding=\"async\" src=\"http:\/\/www.flowersway.com\/var\/user\/e\/g\/IMG_2298.jpg\" alt=\"rencontres cinema montagne 2012\" align=\"center\"> LA TURBINE CRAN-GEVRIER-tel : 09 64 40 04 71-Orson et le jazz, \u00e0 loreille, Africultures, n 29, juin 2000. Conf\u00e9rences-formation Ski de randonn\u00e9e, avalanche et s\u00e9curit\u00e9-hiver 2011-Alpes Film danimation de Paul Autric, Quentin Camus, Maryka Laudet, L\u00e9a Georges, Zo\u00e9 Sottiaux et Corentin Yvergniaux. Festival de Biarritz 2016-S\u00e9lection Officielle Christophe Dumarest et Antoine Rolle explorent les parois sauvages de lEst du Groenland Vers quelles ressources les habitants des Alpes se tournent-ils pour b\u00e2tir leur futur? Le changement climatique peut-il \u00eatre une chance? Et que faire pour que les jeunes aient eux aussi des perspectives davenir? La Semaine alpine qui se d\u00e9roulera du 5 au 8 septembre 2012 dans le val Poschiavo en Suisse tentera de r\u00e9pondre \u00e0 cette question : dans quelle mesure les Alpes sont-elles renouvelables?  <img decoding=\"async\" src=\"http:\/\/www.mode-shop.fr\/images\/produits\/75\/chemise-Love-Moschino-15982387-2.jpg\" alt=\"rencontres cinema montagne 2012\" align=\"left\"> <img decoding=\"async\" src=\"http:\/\/www.kicktaustralianew.cf\/assets\/img\/sbd\/highlights\/innovation.jpg\" alt=\"rencontres cinema montagne 2012\" align=\"center\"> Le lynx qui doit marquer un tr\u00e8s grand territoire profite des d\u00e9bardages de billes de bois pour y laisser des ph\u00e9romones, une empreinte chimique, par un frottis des glandes jugales. Il laisse donc un indice de sa pr\u00e9sence par les poils de ses joues. Les agents du r\u00e9seau lynx sont tr\u00e8s int\u00e9ress\u00e9s par ces indices qui servent \u00e0 analyser le code g\u00e9n\u00e9tique de lanimal et \u00e0 r\u00e9pertorier la population locale de lynx. Aussi, si vous en trouvez, observez les, ne les touchez pas mais prenez les en photos avec un rep\u00e8re d\u00e9chelle, pour \u00e9ventuellement en informer lONCFS. La libre circulation avec lUnion europ\u00e9enne, lAssociation europ\u00e9enne de libre-\u00e9change et le Royaume-Uni sera r\u00e9tablie lundi, a indiqu\u00e9 le Conseil f\u00e9d\u00e9ral vendredi 12 juin, 14h30, rencontre au Wine Bar. Th\u00e8me : Brescia la forte, leonessa dItalia. Th\u00e8se en \u00e9tudes cin\u00e9matographiques soutenue par Christophe Leroux le 15 d\u00e9cembre 2007 \u00e0 lUniversit\u00e9 Rennes 2. Jury : Christophe Viart Rennes 2, pr\u00e9sident, Maxime Scheinfeigel Montpellier 3, Herv\u00e9 Joubert-Laurencin Paris 7, Gilles Mou\u00ebllic Rennes 2, directeur de la th\u00e8se Les Rencontres du Cin\u00e9ma de montagne de Grenoble, qui auront lieu du mardi 5 au samedi 9 novembre, ont nou\u00e9 un partenariat avec le festival polonais. La soir\u00e9e du jeudi 7 novembre, baptis\u00e9e Cap \u00e0 lEst sera ainsi d\u00e9di\u00e9e \u00e0 des films polonais : La Maison de la montagne dAilefroide \u00e0 Pelvoux sest construite progressivement comme lascension dune grande voie. Lultime \u00e9tape sest d\u00e9roul\u00e9e le 29 juillet 2010. Pour ceux qui ont peur du loup, sachez que les patous sont bien plus dangereux. Parce que la demande a ete artificiellement suscitee par les autorites, pour repondre a la detresse des eleveurs ovins. Mais une bonne part nest pas correctement dresse, et on deplore des attaques de plus en plus nombreuse sur les randonneurs qui nont absolument pas menace le troupeau. Si le loup peut reguler les grands ruminants ca sera un bienfait, dans certains coins les chevreuils ou sangliers sont devenus trop nombreux. Ces cookies peuvent \u00eatre d\u00e9poses par nous ou un des partenaires suivants : -avec J\u00e9r\u00f4me Moland Godard, la mati\u00e8re, l\u00e9cran et le mot desprit, dans Idioties, Vertigo n40, \u00e9t\u00e9 2011, pp.58-65 revue ACLN  Quelles innovations p\u00e9dagogiques pour d\u00e9velopper les comp\u00e9tences? De la formation \u00e0 lapprenance.<\/p>\n","protected":false},"excerpt":{"rendered":"<p>rencontres cinema montagne 2012<\/p>\n","protected":false},"author":1,"featured_media":0,"comment_status":"closed","ping_status":"closed","sticky":false,"template":"","format":"standard","meta":{"footnotes":""},"categories":[1],"tags":[],"_links":{"self":[{"href":"http:\/\/intranet.asbl.ca\/blog\/wp-json\/wp\/v2\/posts\/13112"}],"collection":[{"href":"http:\/\/intranet.asbl.ca\/blog\/wp-json\/wp\/v2\/posts"}],"about":[{"href":"http:\/\/intranet.asbl.ca\/blog\/wp-json\/wp\/v2\/types\/post"}],"author":[{"embeddable":true,"href":"http:\/\/intranet.asbl.ca\/blog\/wp-json\/wp\/v2\/users\/1"}],"replies":[{"embeddable":true,"href":"http:\/\/intranet.asbl.ca\/blog\/wp-json\/wp\/v2\/comments?post=13112"}],"version-history":[{"count":1,"href":"http:\/\/intranet.asbl.ca\/blog\/wp-json\/wp\/v2\/posts\/13112\/revisions"}],"predecessor-version":[{"id":13113,"href":"http:\/\/intranet.asbl.ca\/blog\/wp-json\/wp\/v2\/posts\/13112\/revisions\/13113"}],"wp:attachment":[{"href":"http:\/\/intranet.asbl.ca\/blog\/wp-json\/wp\/v2\/media?parent=13112"}],"wp:term":[{"taxonomy":"category","embeddable":true,"href":"http:\/\/intranet.asbl.ca\/blog\/wp-json\/wp\/v2\/categories?post=13112"},{"taxonomy":"post_tag","embeddable":true,"href":"http:\/\/intranet.asbl.ca\/blog\/wp-json\/wp\/v2\/tags?post=13112"}],"curies":[{"name":"wp","href":"https:\/\/api.w.org\/{rel}","templated":true}]}}