{"id":13152,"date":"2020-10-17T09:50:26","date_gmt":"2020-10-17T09:50:26","guid":{"rendered":"http:\/\/intranet.asbl.ca\/blog\/?p=13152"},"modified":"2020-10-05T10:08:56","modified_gmt":"2020-10-05T10:08:56","slug":"fle-premiere-rencontre","status":"publish","type":"post","link":"http:\/\/intranet.asbl.ca\/blog\/2020\/10\/17\/fle-premiere-rencontre\/","title":{"rendered":"Fle Premiere Rencontre"},"content":{"rendered":"<p><img decoding=\"async\" src=\"http:\/\/www.satyer.ga\/Files\/97116\/Img\/10\/coklico-silhouette-asperges.jpg\" alt=\"fle premiere rencontre\" align=\"left\"> Si vous avez aim\u00e9, vous aimerez aussi et. Transcription La galerie, p\u00f4le photographique, a mis en acc\u00e8s sur la plate forme Flick une dizaine dalbums photographiques, la majorit\u00e9 \u00e9tant de Charles Fabre 1851-1933, mais aussi un sur Toulouse vers 1900, un reportage sur la Crim\u00e9e en 1855 par Felice Beato et un tr\u00e8s bel album de Zola. En collaboration avec de nombreuses institutions mus\u00e9ales linstitut culturel de Google propose de nombreux parcours pour d\u00e9couvrir loeuvre de Vermeer 1632-1675. \u00cates-vous s\u00fbr quil sagissait de monsieur Lemoine? <img decoding=\"async\" src=\"http:\/\/satfsen.tk\/wp-content\/uploads\/2018\/07\/4E0D9A9A00000578-5933425-image-a-99_1531133705723.jpg\" alt=\"fle premiere rencontre\" align=\"left\"> Mehdy BOUTES : Jai un parcours assez atypique puisque apr\u00e8s ma terminale, jai fait une ann\u00e9e de c\u00e9sure. \u00c0 la suite de cette derni\u00e8re, jai \u00e9t\u00e9 embauch\u00e9 au sein de la direction technique Eurovia o\u00f9 jy ai d\u00e9couvert le monde de la construction. Jai eu la chance de pouvoir passer quelque temps avec un Conducteur de Travaux et jai ainsi pu d\u00e9couvrir son m\u00e9tier. Gr\u00e2ce \u00e0 cette exp\u00e9rience, une v\u00e9ritable passion est n\u00e9e et jai donc orient\u00e9 ma reprise d\u00e9tudes dans ce secteur dactivit\u00e9. Dans le monde de la construction et du b\u00e2timent, lESTP Paris est sans aucun doute l\u00e9cole la plus reconnue. Apr\u00e8s avoir discut\u00e9 de mon orientation avec certains de mes directeurs, ils mont conseill\u00e9 de postuler \u00e0 cette l\u00e9cole. De plus au sein de ma famille une personne est dipl\u00f4m\u00e9e ing\u00e9nieur de lESTP Paris, jai donc surement \u00e9t\u00e9 un peu influenc\u00e9! Focus : m\u00e9thodes et techniques, institutions, \u00e9poques et civilisations Le Point du FLE :: Apprendre et enseigner le fran\u00e7ais :: 2002-2020-Tous droits r\u00e9serv\u00e9s   Anciennement La philo et vous. Cours et lexiques sur les auteurs du programme Diaphora.Juraver.net, visit\u00e9 en 2013 est la seconde mouture dun site internet datant de 2001. Notes de lectures philosophiques de J\u00e9r\u00e9mie Juraver. Des ressources sp\u00e9cifiques pour les langues vivantes Il ne sagit pas ici dapprendre \u00e0 appliquer le th\u00e9or\u00e8me de Thal\u00e8s, mais \u00e0 conna\u00eetre ses origines. Que les allergiques aux math\u00e9matiques ne se braquent pas! Appr\u00e9ciez la passionnante aventure de la recherche scientifique \u00e0 travers les \u00e2ges sans machine \u00e0 calculer. Les pronoms EN et Y? Je me trompe tout le temps! Portail Netvibes r\u00e9alis\u00e9 dans le cadre dun projet en information-documentation, pendant lann\u00e9e scolaire 20082009 par des \u00e9l\u00e8ves de 5 dun coll\u00e8ge marseillais. S\u00e9lection de liens autour du th\u00e8me de leau : cycle de leau, eau potable, eaux min\u00e9rales, usages de leau dans la vie quotidienne, eaux us\u00e9es, pollution, \u00e9conomiser et pr\u00e9server leau, jeux pour tester ses connaissances. Malgr\u00e9 quelques liens inactifs ceux de CI eau junior par exemple lensemble est tr\u00e8s complet. Voici lexercice 3. Conjuguez les verbes aux personnes indiqu\u00e9es. <img decoding=\"async\" src=\"http:\/\/aprescours.ticfga.ca\/files\/2016\/02\/phylacter_QC.png\" alt=\"fle premiere rencontre\" align=\"left\">  : biographie, chronologie, oeuvres, dossiers th\u00e9matiques, documents et ressources 10. Septembre 2018 La recette N1 pour enseigner le FLE par le th\u00e9\u00e2tre : le rituel daccueil! Fouquet-ou le moyen-\u00e2ge en images est une mine dinformations sur la soci\u00e9t\u00e9 m\u00e9di\u00e9vale. Chaque apprenant du groupe raconte 3 \u00e9v\u00e9nements surprenants Marc Dupont, 26 ans, a effectu\u00e9 son doctorat au laboratoire IRISA en th\u00e8se en entreprise CIFRE chez Thales. Aujourdhui, docteur, il travaille \u00e0 Paris, chez Cisco, pour int\u00e9grer de lIntelligence Artificielle IA dans les r\u00e9seaux informatiques. \u0418 \u044d\u0442\u043e \u0432 \u0441\u0442\u043e\u043b\u0438\u0446\u0435 \u0433\u043e\u0441\u0443\u0434\u0430\u0440\u0441\u0442\u0432\u0430 \u0415\u0432\u0440\u043e\u043f\u0435\u0439\u0441\u043a\u043e\u0433\u043e \u0421\u043e\u044e\u0437\u0430 \u041c\u0430\u0434\u0440\u0438\u0434, \u0418\u0441\u043f\u0430\u043d\u0438\u044f., je vais recommencer \u00e0 faire bien des exercices de kin\u00e9 comme, \u00e7a devrait aller mieux Bon. Ben, mes exercices et \u00e7a,, et puis, un soir, ou plut\u00f4t au petit matin, enfin dans la nuit en fait, \u00e0 exactement deux heures du matin, alors l\u00e0, pff, cest l\u00e0, cest l\u00e0 que. Le pire, je me suis, \u00e0 deux heures du matin et je dis \u00e0 Noemi, Noemi, \u00e7a ne va pas, \u00e7a ne va pas! Jai super mal au dos, et l\u00e0 tout dun coup la douleur monte, monte, monte, et, bah cest simple, aussi mal de ma vie! Pourtant. Beaucoup de choses, je me suis cass\u00e9 les deux chevilles, des doigts de pied, des c\u00f4tes, mais l\u00e0, pff, une douleur de dingue, quoi! Alors,. \u00c0 la jambe gauche en fait, tr\u00e8s, tr\u00e8s mal. Une douleur, limpression quon me, quon me. La jambe \u00e0 vif, quoi. C\u00e9tait dingue! Bon, du coup je dis \u00e0 Noemi, vite, appelle tout de suite le SAMU quoi, lambulance, et donc elle appelle, elle appelle le public, quoi, au d\u00e9but, ils disent, oui, oui, on va arriver mais moi. L\u00e0, aah! Jen peux plus, jen peux plus! m\u00e9vanouir, tomber dans les pommes,. Tomber dans les pommes de douleur. Bon, de justesse,. Dans les pommes et finalement, bon, le m\u00e9decin mais une heure et demie apr\u00e8s, quoi! Et en fait, entre-temps, comme,. Aussi le priv\u00e9, parce que jai une assurance dans le priv\u00e9, en Espagne cest assez courant, et donc en fait,, cest quau bout dune heure et demie,., et heureusement ils sont arriv\u00e9s les deux en m\u00eame temps, parce que, en fait, le public,., un, un m\u00e9decin et le priv\u00e9. Une ambulance. Donc en fait, les deux, ben je ne sais pas comment on aurait fait! Exercice 2 Merci beaucoup pour ton article, cela ma beaucoup orient\u00e9! N\u00e9anmoins une chose reste floue pour moi : je souhaite prendre le parcours LLCER, et donc apr\u00e8s loption FLE. Mais Cest en 3e ann\u00e9e de master que lon peut prendre FLE? Et au total combien dann\u00e9es cela ta pris pour avoir tout le packaging pour enseigner? Car on nous dit 120h pour le fle mais est ce que on doit fait plus quun master bac 5? Merci cest tres interessant! Pensez-vous que lon puisse.<\/p>\n","protected":false},"excerpt":{"rendered":"<p>fle premiere rencontre<\/p>\n","protected":false},"author":1,"featured_media":0,"comment_status":"closed","ping_status":"closed","sticky":false,"template":"","format":"standard","meta":{"footnotes":""},"categories":[1],"tags":[],"_links":{"self":[{"href":"http:\/\/intranet.asbl.ca\/blog\/wp-json\/wp\/v2\/posts\/13152"}],"collection":[{"href":"http:\/\/intranet.asbl.ca\/blog\/wp-json\/wp\/v2\/posts"}],"about":[{"href":"http:\/\/intranet.asbl.ca\/blog\/wp-json\/wp\/v2\/types\/post"}],"author":[{"embeddable":true,"href":"http:\/\/intranet.asbl.ca\/blog\/wp-json\/wp\/v2\/users\/1"}],"replies":[{"embeddable":true,"href":"http:\/\/intranet.asbl.ca\/blog\/wp-json\/wp\/v2\/comments?post=13152"}],"version-history":[{"count":1,"href":"http:\/\/intranet.asbl.ca\/blog\/wp-json\/wp\/v2\/posts\/13152\/revisions"}],"predecessor-version":[{"id":13153,"href":"http:\/\/intranet.asbl.ca\/blog\/wp-json\/wp\/v2\/posts\/13152\/revisions\/13153"}],"wp:attachment":[{"href":"http:\/\/intranet.asbl.ca\/blog\/wp-json\/wp\/v2\/media?parent=13152"}],"wp:term":[{"taxonomy":"category","embeddable":true,"href":"http:\/\/intranet.asbl.ca\/blog\/wp-json\/wp\/v2\/categories?post=13152"},{"taxonomy":"post_tag","embeddable":true,"href":"http:\/\/intranet.asbl.ca\/blog\/wp-json\/wp\/v2\/tags?post=13152"}],"curies":[{"name":"wp","href":"https:\/\/api.w.org\/{rel}","templated":true}]}}