{"id":13318,"date":"2020-10-17T07:10:05","date_gmt":"2020-10-17T07:10:05","guid":{"rendered":"http:\/\/intranet.asbl.ca\/blog\/?p=13318"},"modified":"2020-10-05T16:24:02","modified_gmt":"2020-10-05T16:24:02","slug":"rencontres-parlementaires-logement","status":"publish","type":"post","link":"http:\/\/intranet.asbl.ca\/blog\/2020\/10\/17\/rencontres-parlementaires-logement\/","title":{"rendered":"Rencontres Parlementaires Logement"},"content":{"rendered":"<p><img decoding=\"async\" src=\"http:\/\/images.lenouvelliste.com\/kiosk\/2018-02-01\/OM0pkdp8pfNgVEy.jpg\" alt=\"rencontres parlementaires logement\" align=\"right\"> ministre Paul Martin a nomm \u00e9 u n ministre du Logement e t lui a confi\u00e9 le pouvoir de.. Rapports \u00e9troits ave c l e ministre du logement d e la province de.. Pour les cr\u00e9dits \u00e0 moyen terme non consolidables, le taux global ne peut d\u00e9passer, toutes commissions comprises, de plus de 2,30 le taux descompte de la banque qui est de 2,50 en juillet 1950 ; pour les cr\u00e9dits consolidables, ce pourcentage est fix\u00e9 \u00e0 2,90, les emprunteurs devant en outre, dans ce dernier cas, verser une commission de consolidation de 1. Notons quen cas de non-paiement \u00e0 l\u00e9ch\u00e9ance ou dexigibilit\u00e9 de la cr\u00e9ance, les int\u00e9r\u00eats applicables aux sommes \u00e9ligibles sont major\u00e9s de 3, ce suppl\u00e9ment \u00e9tant partag\u00e9 par moiti\u00e9 entre le Cr\u00e9dit foncier et le Sous-Comptoir. En mati\u00e8re fiscale, le d\u00e9put\u00e9 ny va pas par quatre chemins : Il faut faire p\u00e9ter la fiscalit\u00e9 qui incite \u00e0 garder un terrain 22 ans pour \u00eatre exon\u00e9r\u00e9 de plus-value, et 30 ans pour \u00eatre dispens\u00e9 de pr\u00e9l\u00e8vement sociaux. Il recommande donc linstauration dune flat-tax de 30 sur les plus-values du foncier, avec des exon\u00e9rations en cas de vente des r\u00e9sidences principales ou de construction dorganismes HLM. \u00c0 la consultation ouverte par la HATVP sur le registre des repr\u00e9sentants dint\u00e9r\u00eats. Quont en commun ces trois projets de loi aux th\u00e8mes pourtant si \u00e9loign\u00e9s? Unique repr\u00e9sentant des 11 000 \u00e9lus \u00e0 la t\u00eate des 1 310 soci\u00e9t\u00e9s de la gamme des Epl Sem, Spl et SemOp. Une F\u00e9d\u00e9ration d\u00e9lus au coeur de laction publique locale depuis plus de 60 ans. De r\u00e9cents d\u00e9bats parlementaires relancent la question de la place des lobbyistes au Parlement et sur leurs m\u00e9thodes pour influer sur les projets de loi. La Haute autorit\u00e9 pour la transparence de la vie publique d\u00e9plore elle-m\u00eame le manque de pr\u00e9cision des d\u00e9clarations dactivit\u00e9.  Inscrivez-vous \u00e0 notre newsletter pour suivre nos actualit\u00e9s, recevoir le journal 14Nord et les activit\u00e9s du D\u00e9put\u00e9 Paul CHRISTOPHE. 150Le probl\u00e8me financier r\u00e9solu, le projet dencouragement \u00e0 linvestissement de l\u00e9pargne individuelle en faveur de la construction, \u00e9bauch\u00e9 par le ministre de la Reconstruction et mis au point par la Commission des investissements, voit son aboutissement dans la loi du 21 juillet 1950. Immobilier neuf : des litiges toujours plus nombreux Mise en concurrence des contrats de syndic : article 21 de la loi du 10 juillet 1965. <img decoding=\"async\" src=\"http:\/\/cdn1_2.reseaudesvilles.fr\/thumbs\/231\/925x345\/9tki45sf89o83c.png\" alt=\"rencontres parlementaires logement\" align=\"right\"> <img decoding=\"async\" src=\"http:\/\/www.amf.asso.fr\/images\/upload\/illustrations\/tmp\/A201800_AMF_ILU_20180716_acdv.JPG\" alt=\"rencontres parlementaires logement\" align=\"center\"> Si, dun c\u00f4t\u00e9, les primo-acc\u00e9dants peuvent se f\u00e9liciter de la baisse des prix et de la baisse du co\u00fbt du cr\u00e9dit, certains \u00e9l\u00e9ments ont \u00e9t\u00e9 point\u00e9s par l\u00e9conomiste Alain Trannoy, comme autant de facteurs ayant tendance \u00e0 peser n\u00e9gativement sur la demande, \u00e0 savoir : Jaccepte de recevoir des offres cibl\u00e9es des partenaires du Lepetitjournal.com Cette volont\u00e9 se fonde sur plusieurs arguments, dont le principal souligne que, dans l\u00e9ventualit\u00e9 o\u00f9 les banques auraient \u00e0 r\u00e9aliser un grand nombre dop\u00e9rations nouvelles pour elles, elles seraient contraintes dorganiser en cons\u00e9quence des services sp\u00e9cialis\u00e9s ; il nest donc pas exclu de penser quelles pourraient tenter, \u00e0 leur tour, de consolider les ouvertures de cr\u00e9dit quelles auraient consenties ; in PV du CA du CFF du 28061950 et PV du CA du SCE du m\u00eame jour.  Le Club est lanc\u00e9 en pr\u00e9sence de Christine Boutin, alors ministre du logement, et qui ne pouvait que soutenir ce Club de laccession \u00e0 la propri\u00e9t\u00e9. En effet, lobjectif du gouvernement \u00e9tait clair : Le Pr\u00e9sident de la R\u00e9publique Nicolas Sarkozy, quand jai \u00e9t\u00e9 nomm\u00e9e ministre du logement, ma demand\u00e9 de transformer la France en France de propri\u00e9taires avec un objectif de 70 de propri\u00e9taires dun logement contre 56 actuellement, nous disait la ministre en exercice. 03012018 Lactu de la CPME Nationale Projet de loi PACTE, la CPME \u00e0 Bercy pour affirmer les positions des TPE PME  77 La banque avait en effet accept\u00e9, ainsi que le lui avaient demand\u00e9 les pouvoirs publics compte tenu Retrouvez toutes les informations et les conseils de lOMS sur cette crise sanitaire.<\/p>\n","protected":false},"excerpt":{"rendered":"<p>rencontres parlementaires logement<\/p>\n","protected":false},"author":1,"featured_media":0,"comment_status":"closed","ping_status":"closed","sticky":false,"template":"","format":"standard","meta":{"footnotes":""},"categories":[1],"tags":[],"_links":{"self":[{"href":"http:\/\/intranet.asbl.ca\/blog\/wp-json\/wp\/v2\/posts\/13318"}],"collection":[{"href":"http:\/\/intranet.asbl.ca\/blog\/wp-json\/wp\/v2\/posts"}],"about":[{"href":"http:\/\/intranet.asbl.ca\/blog\/wp-json\/wp\/v2\/types\/post"}],"author":[{"embeddable":true,"href":"http:\/\/intranet.asbl.ca\/blog\/wp-json\/wp\/v2\/users\/1"}],"replies":[{"embeddable":true,"href":"http:\/\/intranet.asbl.ca\/blog\/wp-json\/wp\/v2\/comments?post=13318"}],"version-history":[{"count":1,"href":"http:\/\/intranet.asbl.ca\/blog\/wp-json\/wp\/v2\/posts\/13318\/revisions"}],"predecessor-version":[{"id":13319,"href":"http:\/\/intranet.asbl.ca\/blog\/wp-json\/wp\/v2\/posts\/13318\/revisions\/13319"}],"wp:attachment":[{"href":"http:\/\/intranet.asbl.ca\/blog\/wp-json\/wp\/v2\/media?parent=13318"}],"wp:term":[{"taxonomy":"category","embeddable":true,"href":"http:\/\/intranet.asbl.ca\/blog\/wp-json\/wp\/v2\/categories?post=13318"},{"taxonomy":"post_tag","embeddable":true,"href":"http:\/\/intranet.asbl.ca\/blog\/wp-json\/wp\/v2\/tags?post=13318"}],"curies":[{"name":"wp","href":"https:\/\/api.w.org\/{rel}","templated":true}]}}