{"id":13414,"date":"2020-10-17T09:03:59","date_gmt":"2020-10-17T09:03:59","guid":{"rendered":"http:\/\/intranet.asbl.ca\/blog\/?p=13414"},"modified":"2020-10-05T19:35:29","modified_gmt":"2020-10-05T19:35:29","slug":"rencontres-ademe","status":"publish","type":"post","link":"http:\/\/intranet.asbl.ca\/blog\/2020\/10\/17\/rencontres-ademe\/","title":{"rendered":"Rencontres Ademe"},"content":{"rendered":"<p>IV.2.8 Informations sur labandon du syst\u00e8me dacquisition dynamique  Lobjectif est de cr\u00e9er une dynamique de lensemble de ces r\u00e9seaux. Cest \u00e9galement loccasion daborder les questions techniques, financi\u00e8res et juridiques Http:www.enr.fractualite272Rencontres-nationales-des-energies-renouvelables Matthieu MAILLARD, Charg\u00e9 de mission d\u00e9veloppement des EnR thermiques, Communaut\u00e9 dagglom\u00e9ration de lOuest Rhodanien <img decoding=\"async\" src=\"http:\/\/www.agam.org\/uploads\/tx_templavoila\/ID_de_ville_environnement_01.jpg\" alt=\"rencontres ademe\" align=\"left\"> Lapocalypse appelle lhumanit\u00e9 \u00e0 inventer une autre mani\u00e8re dhabiter la Terre, confirme Isabelle de Gaulmyn, r\u00e9dactrice en chef \u00e0 La Croix. Pass\u00e9e la phase du constat, le journal souhaite contribuer \u00e0 ouvrir lhorizon des possibles plut\u00f4t que sombrer dans le pessimisme. Apr\u00e8s avoir pass\u00e9 l\u00e9t\u00e9 \u00e0 voir des for\u00eats br\u00fbler, nous ne souhaitons pas verser dans la d\u00e9sesp\u00e9rance mais montrer quil est possible dagir et de r\u00e9agir, poursuit-elle. Donner du sens Atelier 2 : Le bois \u00e9nergie cest pas donn\u00e9! Ou comment sy retrouver \u00e9conomiquement \u00e0 l\u00e9chelle du projet mais aussi de son territoire. Cest pourquoi, les 14 et 15 d\u00e9cembre prochain, se tiendront au Parc des expositions, \u00e0 Montpellier, Les rencontres nationales des \u00e9nergies renouvelables. Organis\u00e9es par lADEME et le Syndicat des Energies Renouvelables, ces deux journ\u00e9es seront loccasion pour les r\u00e9gions, les communaut\u00e9s de communes, les villes et lensemble des territoires et des collectivit\u00e9s, d\u00e9changer sur les solutions EnR, pr\u00e9senter les outils pour les mettre en \u0153uvre et r\u00e9pondre \u00e0 toutes les questions que se posent les d\u00e9cideurs locaux sur l\u00e9volution de leur mix \u00e9nerg\u00e9tique et celui de leurs administr\u00e9s. J\u00e9r\u00f4me FAUCONNIER, Pr\u00e9sident de la Communaut\u00e9 de communes du Tri\u00e8ves Is\u00e8re 10h30-12h : S\u00e9quence 1-Objectifs et priorit\u00e9s d\u00e9chets-\u00e9conomie circulaire dans la r\u00e9gion Grand Est Si\u00e8ge de VEGEPOLYS, le p\u00f4le mondial de comp\u00e9titivit\u00e9, Angers attire les professionnels et les \u00e9tudiants du monde entier. La douceur tant r\u00e9put\u00e9e du climat et les savoir-faire des professionnels ont permis \u00e0 la r\u00e9gion dasseoir sa notori\u00e9t\u00e9 dans cette fili\u00e8re. Claude POUEY, Directeur Copropri\u00e9t\u00e9-services, Association des responsables de copropri\u00e9t\u00e9s ARC <img decoding=\"async\" src=\"http:\/\/www.batifrais.eu\/images\/BATIFRAIS2018-2-logos-source-pour-web.png\" alt=\"rencontres ademe\" align=\"left\"> Animation de rencontres-Espace de partage-Mobilisation-Capitalisation  Minist\u00e8re des transports, de l\u00e9quipement, du tourisme et de la mer <img decoding=\"async\" src=\"http:\/\/www.territoires-energie-positive.fr\/var\/res-league\/storage\/images\/clu_euro\/national_leagues\/clu_fran\/network\/rencontres-nationales\/rencontres-nationales-2017\/rencontres-tepos-2017-a-figeac-record-battu\/3475178-1-fre-FR\/rencontres-tepos-2017-a-figeac-record-battu_articlelarge.jpg\" alt=\"rencontres ademe\" align=\"right\"> Conf\u00e9rence Consommation : comment mieux d\u00e9crypter les labels au Salon Plan\u00e8te Durable-FNE Public : Collectivit\u00e9s locales et territoriales, EPCI, conseils r\u00e9gionaux et g\u00e9n\u00e9raux, entreprises de tous secteurs dactivit\u00e9s, chambres de m\u00e9tiers, dagriculture, administrations, services d\u00e9concentr\u00e9s de l\u00e9tat, associations de consommateurs et de protection de lenvironnement, journalistes collectivit\u00e9s, environnement Elaboration doutils de communication sensibilisation dans le cadre dun programme de pr\u00e9vention des d\u00e9chets logo, affiches sur la consommation responsable, guide sur le compostage, site internet-Pays du vignoble Nantais I.4 Type de pouvoir adjudicateur : Organisme de droit public  Nous utilisons des cookies pour vous donner la meilleure exp\u00e9rience sur notre site. Les cookies sont des fichiers stock\u00e9s dans votre navigateur et sont utilis\u00e9s par la plupart des sites Web pour aider \u00e0 personnaliser votre exp\u00e9rience Web. En continuant \u00e0 utiliser notre site Web sans modifier les param\u00e8tres, vous acceptez notre utilisation des cookies.<\/p>\n","protected":false},"excerpt":{"rendered":"<p>rencontres ademe<\/p>\n","protected":false},"author":1,"featured_media":0,"comment_status":"closed","ping_status":"closed","sticky":false,"template":"","format":"standard","meta":{"footnotes":""},"categories":[1],"tags":[],"_links":{"self":[{"href":"http:\/\/intranet.asbl.ca\/blog\/wp-json\/wp\/v2\/posts\/13414"}],"collection":[{"href":"http:\/\/intranet.asbl.ca\/blog\/wp-json\/wp\/v2\/posts"}],"about":[{"href":"http:\/\/intranet.asbl.ca\/blog\/wp-json\/wp\/v2\/types\/post"}],"author":[{"embeddable":true,"href":"http:\/\/intranet.asbl.ca\/blog\/wp-json\/wp\/v2\/users\/1"}],"replies":[{"embeddable":true,"href":"http:\/\/intranet.asbl.ca\/blog\/wp-json\/wp\/v2\/comments?post=13414"}],"version-history":[{"count":1,"href":"http:\/\/intranet.asbl.ca\/blog\/wp-json\/wp\/v2\/posts\/13414\/revisions"}],"predecessor-version":[{"id":13415,"href":"http:\/\/intranet.asbl.ca\/blog\/wp-json\/wp\/v2\/posts\/13414\/revisions\/13415"}],"wp:attachment":[{"href":"http:\/\/intranet.asbl.ca\/blog\/wp-json\/wp\/v2\/media?parent=13414"}],"wp:term":[{"taxonomy":"category","embeddable":true,"href":"http:\/\/intranet.asbl.ca\/blog\/wp-json\/wp\/v2\/categories?post=13414"},{"taxonomy":"post_tag","embeddable":true,"href":"http:\/\/intranet.asbl.ca\/blog\/wp-json\/wp\/v2\/tags?post=13414"}],"curies":[{"name":"wp","href":"https:\/\/api.w.org\/{rel}","templated":true}]}}