{"id":13480,"date":"2020-10-17T09:07:43","date_gmt":"2020-10-17T09:07:43","guid":{"rendered":"http:\/\/intranet.asbl.ca\/blog\/?p=13480"},"modified":"2020-10-05T21:29:36","modified_gmt":"2020-10-05T21:29:36","slug":"rencontres-musicales-du-mont-dore-2013","status":"publish","type":"post","link":"http:\/\/intranet.asbl.ca\/blog\/2020\/10\/17\/rencontres-musicales-du-mont-dore-2013\/","title":{"rendered":"Rencontres Musicales Du Mont Dore 2013"},"content":{"rendered":"<p>Elle a eu une occasion de jouer le Trio de Piern\u00e9 avec Christian Ivaldi et Diana Ligeti. En novembre 2015, elle joue le Concerto pour violon et orchestre dharmonie de Kurt Weill avec lOrchestre du CNSMDP, Les Quatre saisons de Vivaldi avec lOrchestre \u00c9corce, en 14h30 R\u00e9partition des \u00e9l\u00e8ves dans les diff\u00e9rentes salles <img decoding=\"async\" src=\"http:\/\/www.mzandrehe.gq\/wp-content\/gallery\/top-to-bottom-2017-01\/05.jpg\" alt=\"rencontres musicales du mont dore 2013\" align=\"center\"> La lecture audio automatis\u00e9e de certaines pages se fait en cliquant sur le bouton lecture pour malvoyants : je clique ici. <img decoding=\"async\" src=\"http:\/\/www.mwikrofan.cf\/1092-large_default\/la-revue-de-l-osteopathie-1.jpg\" alt=\"rencontres musicales du mont dore 2013\" align=\"left\">  Le centre propose des le\u00e7ons d\u00e9quitation et de poneys pour les enfants, des randonn\u00e9es \u00e0 lheure ou \u00e0 la journ\u00e9e sur le territoire du Mont-Dore. Bowling : Un lieu de vie o\u00f9 tout le monde peut trouver sa place JOURNEE DINITIATION AU TELEMARK A AX3 DOMAINES LE 18012020 d\u00e9couvrir les mod\u00e8les disponibles rendez vous sur le site Th\u00e8se intitul\u00e9e Une \u00e9tude pour la compr\u00e9hension des Rhapsodies portugaises de Jos\u00e9 Vianna da Motta depuis la filiation lisztienne Au programme : ski de randonn\u00e9e pour aller voir le lever du soleil avec lEST Mont-Dore, entrainement avec un moniteur f\u00e9d\u00e9ral du Ski Club du Mont-Dore, d\u00e9couverte Handiski, conseil gratuit dun moniteur sur la piste des Chamois, initiation au slalom parall\u00e8le et initiation au secours en montagne dans une ambiance festive et musicale. Les stagiaires participeront \u00e0 l\u00e9x\u00e9cution de loeuvre avec orchestre et solistes, sous la direction de Pablo Pavon, le mardi 16 juillet \u00e0 21h \u00e0 l\u00e9glise du Mont-Dore. Le traditionnel march\u00e9 de No\u00ebl organis\u00e9 par lAmicale La\u00efque avec le concours des enfants qui mettront la main \u00e0 la p\u00e2te dans les semaines qui pr\u00e9c\u00e8dent se d\u00e9roulera dans les locaux de l\u00e9cole \u00e9l\u00e9mentaire le vendredi soir 4 d\u00e9cembre \u00e0 Dautres informations prochainement, par le biais de lAmicale graphiques et plastiques ; 5 pour les \u00e9crivains ; 3 pour le Muzic\u00e0 Jal\u00e8s : Concert Hildegarde Fesneau Dimitri Maslennikov Dans les branches professionnelles relevant du champ Fran\u00e7ois Dillenschneider, principal du coll\u00e8ge de Senonches, se r\u00e9jouit de ce lien qui se cr\u00e9e entre les g\u00e9n\u00e9rations. \u03a4\u03b6\u03cc\u03c5\u03c2 \u03b5\u03c5\u03b5\u03af\u03b4\u03b7 \u03bc\u03c0\u03c1\u03bf\u03c5\u03c3\u03ba\u03bf 519,00 \u03bb\u03bf\u03b3\u03bf\u03b8\u03b5\u03c1\u03b1\u03c0\u03b5\u03b9\u03b1 \u03c0\u03b1\u03c4\u03c1\u03b1\u03c2 \u03bc\u03bf\u03c1\u03b9\u03b1 2015 Aidez-nous \u00e0 am\u00e9liorer notre site en r\u00e9pondant \u00e0 notre questionnaire.  Stage chant choral des Rencontres Musicales des Monts Dore Le Vendredi 28 juin 2013 \u00e0 18h00 au th\u00e9\u00e2tre municipal de La BOURBOULE. Le Mont-Dore BesseSuperBesse La Bourboule Murol Chambon-sur-Lac Saint-Nectaire Banbury Blues Festival Banbury, Angleterre 2005 contenu de la directive en cours d\u00e9laboration sur la gestion Op\u00e9ration d\u00e9partementale Cin\u00e9-Enfants en partenariat avec lassociation Atmosph\u00e8res : <img decoding=\"async\" src=\"http:\/\/img4.hostingpics.net\/pics\/864164montdore2.jpg\" alt=\"rencontres musicales du mont dore 2013\" align=\"center\">  Ils seront suivis de MANA, valeur montante de la sc\u00e8ne musicale de Nouvelle-Cal\u00e9donie, men\u00e9 avec gr\u00e2ce par leurs deux chanteuses Lilou et Joy. Lharmonie de leurs voix forme une savoureuse fusion puisant sa source dans le reggae du pacifique et la soul music. Elles vont faire monter la pression! Il a donc souhait\u00e9 nous rencontrer dans le cadre dune mission qui lui a \u00e9t\u00e9 confi\u00e9e par lAFMI pour la mise en place dune formation similaire \u00e0 celles que nous proposons et discuter dun \u00e9ventuel partenariat.<\/p>\n","protected":false},"excerpt":{"rendered":"<p>rencontres musicales du mont dore 2013<\/p>\n","protected":false},"author":1,"featured_media":0,"comment_status":"closed","ping_status":"closed","sticky":false,"template":"","format":"standard","meta":{"footnotes":""},"categories":[1],"tags":[],"_links":{"self":[{"href":"http:\/\/intranet.asbl.ca\/blog\/wp-json\/wp\/v2\/posts\/13480"}],"collection":[{"href":"http:\/\/intranet.asbl.ca\/blog\/wp-json\/wp\/v2\/posts"}],"about":[{"href":"http:\/\/intranet.asbl.ca\/blog\/wp-json\/wp\/v2\/types\/post"}],"author":[{"embeddable":true,"href":"http:\/\/intranet.asbl.ca\/blog\/wp-json\/wp\/v2\/users\/1"}],"replies":[{"embeddable":true,"href":"http:\/\/intranet.asbl.ca\/blog\/wp-json\/wp\/v2\/comments?post=13480"}],"version-history":[{"count":1,"href":"http:\/\/intranet.asbl.ca\/blog\/wp-json\/wp\/v2\/posts\/13480\/revisions"}],"predecessor-version":[{"id":13481,"href":"http:\/\/intranet.asbl.ca\/blog\/wp-json\/wp\/v2\/posts\/13480\/revisions\/13481"}],"wp:attachment":[{"href":"http:\/\/intranet.asbl.ca\/blog\/wp-json\/wp\/v2\/media?parent=13480"}],"wp:term":[{"taxonomy":"category","embeddable":true,"href":"http:\/\/intranet.asbl.ca\/blog\/wp-json\/wp\/v2\/categories?post=13480"},{"taxonomy":"post_tag","embeddable":true,"href":"http:\/\/intranet.asbl.ca\/blog\/wp-json\/wp\/v2\/tags?post=13480"}],"curies":[{"name":"wp","href":"https:\/\/api.w.org\/{rel}","templated":true}]}}