{"id":13558,"date":"2020-10-17T09:41:25","date_gmt":"2020-10-17T09:41:25","guid":{"rendered":"http:\/\/intranet.asbl.ca\/blog\/?p=13558"},"modified":"2020-10-05T23:33:39","modified_gmt":"2020-10-05T23:33:39","slug":"rencontres-theatre-olmi-cappella-5","status":"publish","type":"post","link":"http:\/\/intranet.asbl.ca\/blog\/2020\/10\/17\/rencontres-theatre-olmi-cappella-5\/","title":{"rendered":"Rencontres Theatre Olmi Cappella"},"content":{"rendered":"<p><img decoding=\"async\" src=\"http:\/\/www.stasjh.tk\/19363-home_default\/necklace-pendant-20mm-natural-stone-sandstone-on-waxed-cord-l43-47cm-75927.jpg\" alt=\"rencontres theatre olmi cappella\" align=\"center\"> Inaugure\u0301e en 2010 \u00e0 Pioggiola, A Stazzona la Forge est un ve\u0301ritable espace sce\u0301nique d\u00e9di\u00e9 \u00e0 la formation et \u00e0 la cr\u00e9ation. Atelier theatre en soir\u00e9e a lexterieur de loutil theatral A Stazzona la forge en corse Une reconversion quil r\u00e9ussit aussi, en 1996, dans le monde de larchitecture. Lass\u00e9 des tourn\u00e9es th\u00e9\u00e2trales, us\u00e9 et fatigu\u00e9, il jette le gant au pied du rideau rouge. Pour se lancer un nouveau d\u00e9fi, inventeur et initiateur dun nouveau m\u00e9tier, architecte des lumi\u00e8res Pas simple encore une fois, lesprit de troupe qui r\u00e9git laventure th\u00e9\u00e2trale nexiste pas ou peu dans le monde de larchitecture. Le ma\u00eetre d\u0153uvre se consid\u00e8re souvent seul \u00e0 bord, les autres corps de m\u00e9tier nont qu\u00e0 suivre ou sadapter \u00e0 ses desiderata : pas vraiment la mani\u00e8re de voir et de penser du sieur Audibert! Qui se vit et se veut cr\u00e9ateur de plein droit, en \u00e9troite collaboration avec le concepteur. Ses premiers pas en pleine lumi\u00e8re, il les fera en compagnie de larchitecte du Th\u00e9\u00e2tre de La Colline, Alberto Cattagni. Qui lui confie la lumi\u00e8re du cin\u00e9ma UGC Saint-Eustache, pr\u00e8s des Halles parisiennes. Un bleu dune intense po\u00e9sie, la lumi\u00e8re per\u00e7ue comme un art, non un banal \u00e9clairage. Suivront de multiples cr\u00e9ations, aussi expressives et lumineuses les unes que les autres, dont les photographies qui illustrent cet article tentent dexposer la quintessence. Des b\u00e2timents, des espaces qui parlent et font parler, qui deviennent objets po\u00e9tiques et ravissent l\u0153il du contemplateur pour louvrir \u00e0 dautres horizons Un travail artistique couronn\u00e9 en 2004 du Goncourt de larchitecture, la prestigieuse \u00c9querre Puisquon f\u00eate actuellement les cent ans de Jean Vilar, fondateur du festival dAvignon et grand r\u00e9novateur du Th\u00e9\u00e2tre National Populaire TNP, cest aussi lheure de se demander ce qui reste de son h\u00e9ritage dans le th\u00e9\u00e2tre daujourdhui. Esth\u00e9tiquement, le style Vilar est ais\u00e9 \u00e0 d\u00e9finir : cest un art du d\u00e9pouillement, comme il le revendiquait lui-m\u00eame. Il sagit de simplifier, de d\u00e9pouiller. Il ne sagit pas dexploiter lespace mais de m\u00e9priser cet espace ou de lignorer. Il nest pas n\u00e9cessaire pour une r\u00e9alisation suggestive quune sc\u00e8ne dite de mouvement par exemple, soit en mouvements, avec entrechat, boxe, bagarre ou poursuites plus ou moins r\u00e9alistes. Il suffit dun ou deux gestes, un rien et du texte, dun texte vrai et beau. Et le reste passe, \u00e9crivait le metteur en sc\u00e8ne dans De la tradition Th\u00e9\u00e2trale 1955. D\u00e9couvre un village peupl\u00e9 de femmes, les hommes ont \u00e9t\u00e9 Cette noble cause, elle peut la d\u00e9fendre aujourdhui gr\u00e2ce \u00e0 une notori\u00e9t\u00e9 qui a pris naissance il y a quinze ans, lorsquelle a port\u00e9 les couleurs de la Sardaigne au concours de Miss Italie. Espace accot\u00e9 au vide. Soleil, il fait 30, poussi\u00e8re, manque deau <img decoding=\"async\" src=\"http:\/\/anmsm.media.tourinsoft.eu\/Upload\/4234054.jpg\" alt=\"rencontres theatre olmi cappella\" align=\"right\"> dautres plus simple comme la marionnette \u00e0 gaine. Fabriquer sa  Mais je fais la diff\u00e9rence entre la religion et la foi. On peut prier Dieu et croire en lhomme. J\u00e9sus-Christ aimait Saint-Pierre en sachant que celui-ci le renierait. Je respecte les dogmes, linstitution de l\u00c9glise, mais je crois dabord aux valeurs humaines, une des raisons pour lesquelles je suis, par exemple, favorable au mariage homosexuel. Ce nom est avant tout un clin d\u0153il amical au groupe auquel une place importante est consacr\u00e9e ici :,,,, et, sans oublier le dont je suis lauteur et les de Calvi.. 21 e Rencontres internationales de th\u00e9\u00e2tre en Corse 15 juillet-11 ao\u00fbt 2018 Mausol\u00e9o, Olmi-Cappella, Pioggiola et Vallica  Serge Nicola\u00ef sera entour\u00e9 cette ann\u00e9e de G\u00e9rard Chabanier, Olivia Corsini, Olivier Letellier, Sandy Ouvrier, Thibault Perrenoud et Yael Rasooly Je veux apprendre! Chansons pour les Droits de l enfant Texte de la com\u00e9die musicale Fabien Bouvier les petits Serruriers Magiques Les Serruriers Magiques 2013 2 Sommaire Intentions, adaptations, Droits linguistique qui, philosophiquement, a sa raison d\u00eatre et sa v\u00e9rit\u00e9 historique.  bouquins. On aurait beau lire tous les bouquins sur le th\u00e9\u00e2tre, ce nest pas \u00e7a qui vous apprendrait la moiti\u00e9 de ce que vous apprenez ici. Car tous les gens qui sont ici sont issus de la Raison sociale : Association des Rencontres Internationales Artistiques Aria Edition num\u00e9rique du quotidien sur ordinateur et tablette Ses dimensions et ses e\u0301quipements correspondent aux crite\u0300res de la profession: grande salle de 420m2 avec une jauge de 300 personnes, deux petites salles de travail, locaux techniques et loges <img decoding=\"async\" src=\"http:\/\/www.info-chalon.com\/article\/media\/images\/JUILLET2015\/IMG_9034.JPG\" alt=\"rencontres theatre olmi cappella\" align=\"right\"> 11 L Illusion comique de Pierre Corneille Pianacciu en-dessous de A Stazzona Dimanche 5 et vendredi 10 ao\u00fbt \u00e0 21h Lundi 6 et mardi 7 ao\u00fbt \u00e0 18h Dur\u00e9e : 1h40 Ateliers de pratique th\u00e9\u00e2trale Dimanche 5 ao\u00fbt \u00e0 16h30, mercredi 8 ao\u00fbt \u00e0 19h30, vendredi 10 ao\u00fbt \u00e0 16h30 A Muvrella L Illusion comique, sous des allures de monument classique, se r\u00e9v\u00e8le \u00eatre une pi\u00e8ce follement audacieuse, extr\u00eamement vivace et foisonnante. \u00c9crite en 1635, Corneille y bouleverse tous les codes de l \u00e9poque. Pridamant s est f\u00e2ch\u00e9 avec son fils Clindor et ne l a pas revu depuis dix ans. Rong\u00e9 par l inqui\u00e9tude et le remords, il se rend chez le magicien Alcandre pour tenter d obtenir des informations. Alcandre le re\u00e7oit dans sa grotte myst\u00e9rieuse, et, par un \u00e9trange proc\u00e9d\u00e9 magique, fait d\u00e9filer sous les yeux \u00e9bahis du p\u00e8re les \u00e9tapes mouvement\u00e9es de la vie du fils : son emploi de valet aupr\u00e8s du soldat fanfaron Matamore, ses amours avec Isabelle, son emprisonnement.. Dans cette pi\u00e8ce, aussi \u00e9trange que jubilatoire, Corneille s amuse \u00e0 m\u00e9langer les genres et les styles. Les personnages singuliers et attachants, font de cette pi\u00e8ce picaresque un \u00e9trange monstre comme l \u00e9crivait Corneille. Farce, com\u00e9die et trag\u00e9die nous c\u00f4toierons, mais aussi certitude, incertitude et illusion. V\u00e9ritable hymne au th\u00e9\u00e2tre, o\u00f9 la langue est mai tresse. Marilyne Fontaine Dipl\u00f4m\u00e9e de l \u00c9cole Nationale Sup\u00e9rieure d Art Dramatique de Montpellier en 2008 et du Conservatoire National Sup\u00e9rieur d Art Dramatique de Paris en 2011 o\u00f9 elle a travaill\u00e9 avec Alain Fran\u00e7on, Dominique Valadi\u00e9 et Daniel Mesguich, elle joue pour Yann-Joel Collin, Olivier Py, Barth\u00e9l\u00e9my M\u00e9ridjien Euripide, Jean-Marie Besset Musset, Gilbert Desveaux Wilde, Robin Renucci Strindberg, Balzac et Sterner, Frank Vercruyssen TG STAN Schnitzler Talents Adami.. Au cin\u00e9ma, elle joue pour Jacques Doillon Prix du meilleur espoir au Festival de Rome 2012, Franck Mancuso, Willy Biondani, Guy Marignane, Eduardo Sosa Soria, Fr\u00e9d\u00e9ric Carpentier et Pierre Gaffi\u00e9. En 2019, elle met en sc\u00e8ne avec Nadine Darmon C\u00e9leste gronde de Josephine Chaffin. Elle enregistre r\u00e9guli\u00e8rement des fictions radiophoniques pour France Culture et France Inter.<\/p>\n","protected":false},"excerpt":{"rendered":"<p>rencontres theatre olmi cappella<\/p>\n","protected":false},"author":1,"featured_media":0,"comment_status":"closed","ping_status":"closed","sticky":false,"template":"","format":"standard","meta":{"footnotes":""},"categories":[1],"tags":[],"_links":{"self":[{"href":"http:\/\/intranet.asbl.ca\/blog\/wp-json\/wp\/v2\/posts\/13558"}],"collection":[{"href":"http:\/\/intranet.asbl.ca\/blog\/wp-json\/wp\/v2\/posts"}],"about":[{"href":"http:\/\/intranet.asbl.ca\/blog\/wp-json\/wp\/v2\/types\/post"}],"author":[{"embeddable":true,"href":"http:\/\/intranet.asbl.ca\/blog\/wp-json\/wp\/v2\/users\/1"}],"replies":[{"embeddable":true,"href":"http:\/\/intranet.asbl.ca\/blog\/wp-json\/wp\/v2\/comments?post=13558"}],"version-history":[{"count":1,"href":"http:\/\/intranet.asbl.ca\/blog\/wp-json\/wp\/v2\/posts\/13558\/revisions"}],"predecessor-version":[{"id":13559,"href":"http:\/\/intranet.asbl.ca\/blog\/wp-json\/wp\/v2\/posts\/13558\/revisions\/13559"}],"wp:attachment":[{"href":"http:\/\/intranet.asbl.ca\/blog\/wp-json\/wp\/v2\/media?parent=13558"}],"wp:term":[{"taxonomy":"category","embeddable":true,"href":"http:\/\/intranet.asbl.ca\/blog\/wp-json\/wp\/v2\/categories?post=13558"},{"taxonomy":"post_tag","embeddable":true,"href":"http:\/\/intranet.asbl.ca\/blog\/wp-json\/wp\/v2\/tags?post=13558"}],"curies":[{"name":"wp","href":"https:\/\/api.w.org\/{rel}","templated":true}]}}