{"id":1723,"date":"2020-09-22T19:50:17","date_gmt":"2020-09-22T19:50:17","guid":{"rendered":"http:\/\/intranet.asbl.ca\/blog\/?p=1723"},"modified":"2020-09-20T00:40:48","modified_gmt":"2020-09-20T00:40:48","slug":"ma-rencontre-avec-caruso","status":"publish","type":"post","link":"http:\/\/intranet.asbl.ca\/blog\/2020\/09\/22\/ma-rencontre-avec-caruso\/","title":{"rendered":"Ma Rencontre Avec Caruso"},"content":{"rendered":"<p>Le meneur de 25 ans passe plus de temps en G-League quavec les Lakers. Il na particip\u00e9 qu\u00e0 22 matchs cette saison en NBA, pour des moyennes de 7,6 points, 2,3 rebonds et 2,2 passes d\u00e9cisives par match. Mais les choses ont bien chang\u00e9 en 35 ans de pr\u00e9sence \u00e0 la Commission : Aujourdhui, il y a 1274 journalistes. Jai d\u00fb beaucoup affiner ma m\u00e9moire! Langlais, cest le patron. Avant, on parlait fran\u00e7ais. M\u00eame quand on a la possibilit\u00e9 de parler sa propre langue on lui pr\u00e9f\u00e8re langlais. Que veux-tu Cette carri\u00e8re, au coeur de lEurope, certains jeunes en r\u00eavent. Comment suivre les traces dun personnage comme Emilio? Naturellement, il faut passer des concours. Et ils sont encore difficiles, comme de mon temps, me r\u00e9pond le sp\u00e9cialiste. Jai cependant remarqu\u00e9 que les jeunes sinvestissaient moins dans cette carri\u00e8re. Avant ils y mettaient leur \u00e2me, leur enthousiasme. Aujourdhui je les trouve un peu plus \u00e9teints, plus pos\u00e9s. Ils se consacrent moins aux efforts que demandent ce m\u00e9tier, poursuit Emilio. Toutefois, le fonctionnaire en chef ne manque pas loccasion de sentretenir avec les jeunes et les stagiaires qui se succ\u00e8dent continuellement \u00e0 la Commission. Et cest \u00e0 eux quil aime confier, b\u00e9at, les grandes le\u00e7ons dhistoire et les petites anecdotes qui ont fait lEurope. <img decoding=\"async\" src=\"http:\/\/lh5.ggpht.com\/_S3KXV5aqqBk\/TR_15iHrqGI\/AAAAAAAAPWs\/_F8RFzSL1Kc\/P1110050_1.jpg\" alt=\"ma rencontre avec caruso\" align=\"center\"> Cloudflare Ray ID: 5a20fcedbd46d93e Your IP: 113.161.4.242 Performance security by 1990 : le premier match de saison r\u00e9guli\u00e8re en dehors de lAm\u00e9rique du Nord, toutes grandes ligues professionnelles US confondues. C\u00e9tait \u00e0 Tokyo avec une rencontre entre les Suns et le Jazz. Iad France-Virginia Caruso a r\u00e9pondu \u00e0 cet avis : Vivre le changement cest aussi accepter la p\u00e9riode de flottement o\u00f9 tous les possibles soffrent \u00e0 vous. Celebrating the cinematically surreal, bizarre, cult, oddball, fantastique, strange, psychedelic, and the just plain WEIRD! Enregistrer mon nom, mon e-mail et mon site web dans le navigateur pour mon prochain commentaire.  Pourquoi partager avec vous cette rencontre. Et bien parce que cest ensemble que nous avan\u00e7ons, cest avec vous qui me suivaient et qui venaient au studio que je grandis. Vous mettre en lumi\u00e8re est un acte engag\u00e9, qui parfois me perd. Parce que je ne vois plus le sens, parce que jai peur de me tromper Et partager avec vous ces instants de joie, o\u00f9 dun claquement de doigt me voil\u00e0 r\u00e9align\u00e9e r\u00e9align\u00e9e sur un essentiel, sur ce qui fait que je me l\u00e8ve le matin, que je porte mon studio \u00e0 bout de bras, que je r\u00e9alise mes projets perso parce que je sais quune photo est bien plus quune image, parce que je me dois, pour moi et pour nous de continuer! Des r\u00e9volutions il y en aura encore beaucoup, des r\u00eaves \u00e0 partager ainsi que des convictions. Et je tacherais de toujours vous offrir ces avanc\u00e9es, parce que vraiment, ce chemin vers soi est passionnant, pas simple, mais si riche de sens  \u03ba\u03c4\u03b7\u03bc\u03b1 \u03b1\u03bb\u03c6\u03b1 \u03be\u03b9\u03bd\u03bf\u03bc\u03b1\u03c5\u03c1\u03bf 2014 May 28, 2015 at 9:04 am Il y a bien s\u00fbr sa voix, connue pour son \u00e9tendue, sa puissance et sa beaut\u00e9. Il avait une voix extraordinairement et naturellement belle, une texture de velours, une pulpe qui laissait \u00e9bahit le public et ses coll\u00e8gues. A cela il faut ajouter la noblesse du phras\u00e9, la d\u00e9clamation incisive, la passion et la vigueur dans les moments dramatiques. Ma fen\u00eatre est devenue un bureau face au jardin avec quelques planches en bois que jai ajust\u00e9. Quels sont les 3 artistes que tu nous conseillerais de suivre? A morte s\u00f3 mata quando deixamos. Enquanto celebrarmos a vida que a antecedeu, pode ser contrariada e menorizada. You dont have permission to access this resource. La r\u00e9flexion porte sur trois dimensions : la relation au temps du besoin de r\u00e9activit\u00e9 \u00e0 l\u00e9quilibre vie personnelleprofessionnelle, la relation \u00e0 lespace nomadisme, travail \u00e0 distance et la relation aux autres entre collectif et individuel. D\u00e8s 2017, 12 des collaborateurs ont exp\u00e9riment\u00e9 le t\u00e9l\u00e9travail \u00e0 raison dun jour par semaine. La phase pilote se poursuit en \u00e9largissant les possibles : nombre de jours, de participants, formules diversifi\u00e9es. Mario Lanza et la soprano tch\u00e8que Jarmila Novotna, Caruso est une l\u00e9gende, un mythe : on peut dire quil est la plus grande et la plus durable l\u00e9gende de lhistoire de lop\u00e9ra et quaucun autre chanteur na \u00e0 ce point hant\u00e9 limaginaire du public. Cest dailleurs limpact sur son public qui va assurer sa domination pendant 20 ans dans tous les genres. Il est rentr\u00e9 vivant dans la l\u00e9gende et limaginaire de son public. C\u00e9tait une vrai star : par exemple \u00e0 New York, o\u00f9 il a r\u00e9alis\u00e9 la majeure partie de sa carri\u00e8re, il avait une r\u00e9elle emprise sur la ville et linconscient collectif : son nom \u00e9tait devenu une r\u00e9f\u00e9rence populaire, synonyme dart et il \u00e9tait familier aussi bien au chauffeur de taxi, quau policier ou \u00e0 lhomme de la rue et il \u00e9tait m\u00eame plus c\u00e9l\u00e8bre que le maire lui-m\u00eame. La semaine derni\u00e8re c\u00e9tait lanniversaire de mon changement de vie, enfin lanniversaire du moment o\u00f9 il est devenu visible pour tout un chacun que je n\u00e9tais plus Directrice de lOffice de Tourisme de Foix. A couvert la chanson sur son premier album 1994 et plus tard dans son best-seller album. La veille de ce fiasco vocal, le baryton eur\u00e9lien, install\u00e9 \u00e0 Houx depuis trente ans, a accept\u00e9, \u00e0 la demande de Sylvain Fort, responsable communication de la campagne dEmmanuel Macron, de muscler la technique vocale dun candidat \u00e0 la pr\u00e9sidentielle qui a besoin de voix, pour remporter la pr\u00e9sidentielle, et dune voix pour y parvenir. <img decoding=\"async\" src=\"http:\/\/transform.fairfaxregional.com.au\/transform\/v1\/resize\/frm\/storypad-BKjvE6E4BERCYQivbU64iZ\/a9c98838-3f00-4d3e-b5eb-66051500e186.jpg\/w1200_h678_fmax.jpg\" alt=\"ma rencontre avec caruso\" align=\"left\"> Tu es en pr\u00e9paration de ton album et la sortie est pr\u00e9vue pour quand? \u03b1\u03c1\u03b9\u03c3\u03c4\u03bf\u03c4\u03b5\u03bb\u03bf\u03c5\u03c2 \u03b1\u03b8\u03b7\u03bd\u03b1\u03b9\u03c9\u03bd \u03c0\u03bf\u03bb\u03b9\u03c4\u03b5\u03b9\u03b1 11 BMW 335is European Delivery Trip Un fauteuil \u0153uf suspendu Tiar\u00e9 chez Fly. Je laime pour sa forme cocon et son look scandi. Des coussins Laissez-Lucie Faire chez Westwing pour leur style folklo.  Christina Milian en lingerie sur Instagram, le 14 avril 2020. <img decoding=\"async\" src=\"http:\/\/cdn.purple.fr\/949e82c3ac3bc3046c759bf04094eba5\/static.purple.fr\/2017\/10\/4688-51-226x300.jpg\/300x300\/4688-51-226x300.jpg\" alt=\"ma rencontre avec caruso\" align=\"center\">.<\/p>\n","protected":false},"excerpt":{"rendered":"<p>ma rencontre avec caruso<\/p>\n","protected":false},"author":1,"featured_media":0,"comment_status":"closed","ping_status":"closed","sticky":false,"template":"","format":"standard","meta":{"footnotes":""},"categories":[1],"tags":[],"_links":{"self":[{"href":"http:\/\/intranet.asbl.ca\/blog\/wp-json\/wp\/v2\/posts\/1723"}],"collection":[{"href":"http:\/\/intranet.asbl.ca\/blog\/wp-json\/wp\/v2\/posts"}],"about":[{"href":"http:\/\/intranet.asbl.ca\/blog\/wp-json\/wp\/v2\/types\/post"}],"author":[{"embeddable":true,"href":"http:\/\/intranet.asbl.ca\/blog\/wp-json\/wp\/v2\/users\/1"}],"replies":[{"embeddable":true,"href":"http:\/\/intranet.asbl.ca\/blog\/wp-json\/wp\/v2\/comments?post=1723"}],"version-history":[{"count":1,"href":"http:\/\/intranet.asbl.ca\/blog\/wp-json\/wp\/v2\/posts\/1723\/revisions"}],"predecessor-version":[{"id":1724,"href":"http:\/\/intranet.asbl.ca\/blog\/wp-json\/wp\/v2\/posts\/1723\/revisions\/1724"}],"wp:attachment":[{"href":"http:\/\/intranet.asbl.ca\/blog\/wp-json\/wp\/v2\/media?parent=1723"}],"wp:term":[{"taxonomy":"category","embeddable":true,"href":"http:\/\/intranet.asbl.ca\/blog\/wp-json\/wp\/v2\/categories?post=1723"},{"taxonomy":"post_tag","embeddable":true,"href":"http:\/\/intranet.asbl.ca\/blog\/wp-json\/wp\/v2\/tags?post=1723"}],"curies":[{"name":"wp","href":"https:\/\/api.w.org\/{rel}","templated":true}]}}