{"id":1919,"date":"2020-09-22T20:11:50","date_gmt":"2020-09-22T20:11:50","guid":{"rendered":"http:\/\/intranet.asbl.ca\/blog\/?p=1919"},"modified":"2020-09-20T05:18:22","modified_gmt":"2020-09-20T05:18:22","slug":"lieu-de-rencontre-essonne","status":"publish","type":"post","link":"http:\/\/intranet.asbl.ca\/blog\/2020\/09\/22\/lieu-de-rencontre-essonne\/","title":{"rendered":"Lieu De Rencontre Essonne"},"content":{"rendered":"<p>Internet en interdisant le chargement de pages contenant certains mots-cl\u00e9s.  Aucune chance pour les vulgaires, mal poli au \u00e0 ceux veulent collectionner les photos. Pas de bonjour, pas de r\u00e9ponse. Lieux daccueil enfants-parents \u00e0 Gif-sur-Yvette 91190 V\u00eatement printemps, \u00e9t\u00e9, articles et jeux de plein air, linge de maison <img decoding=\"async\" src=\"http:\/\/ecouter.lesindesradios.fr\/logos\/orange10.png\" alt=\"lieu de rencontre essonne\" align=\"right\"> Yeux :-Cheveux : Blond-157 cm-Statut civil: C\u00e9libataire La premi\u00e8re s\u00e9ance 2019 sest tenue le mardi 28 mai \u00e0 la MAS La Brianci\u00e8re-Ris Orangis  <img decoding=\"async\" src=\"http:\/\/portes-essonne-environnement.fr\/wp-content\/uploads\/2017\/04\/EPT-GOSB-2017-Odj.jpeg\" alt=\"lieu de rencontre essonne\" align=\"right\"> cela pourrait fortement mint\u00e9resser principalement pour des parties WHB sil reste des nostalgiques notamment V6V7. Sinon en cas je madapterai au 9eme \u00e2ge!  Echanger sur leurs pratiques et sur les difficult\u00e9s rencontr\u00e9es Ce projet artistique vise \u00e0 cr\u00e9er des rencontres et du lien. Un jeu de 7 familles sera confectionn\u00e9 \u00e0 partir de vos portraits et de vos quartiers. Une grande f\u00eate de cl\u00f4ture. Dont la date vous sera communiqu\u00e9e tr\u00e8s prochainement Cette rencontre de proximit\u00e9 avait pour objectif de rapprocher le monde de lentreprise des quartiers en cr\u00e9ant un dialogue avec les habitants autour de cas concrets et de situations v\u00e9cues. En ouverture de l\u00e9v\u00e8nement, Carine Boudesocque Dubois pr\u00e9sidente de lUdaf a rappel\u00e9 limportance de pouvoir concilier vie familiale et vie professionnelle et de permettre un acc\u00e8s \u00e0 lemploi pour tous. Cette conf\u00e9rence sera anim\u00e9 par Fernand Dumont, praticien en relation daide. Doctissimo vous informe \u00e9galement quun moyen de protection est inclus dans Depuis 2018, ce club est \u00e9galement ouvert aux directeurs d\u00e9tablissement dh\u00e9bergement pour adultes en situation de handicap. <img decoding=\"async\" src=\"http:\/\/www.kinncaids.gq\/44347-home_default\/debardeur-o-neill-lw-front-detail-super-white.jpg\" alt=\"lieu de rencontre essonne\" align=\"left\"> Pr\u00e9f\u00e9rence pour des personne habitant en ile de France et entre 26 et 37 ans Ce cadre de fonctionnement a consid\u00e9rablement \u00e9vit\u00e9 que la violence sexerce au sein m\u00eame du Lieu de rencontre. Les familles expriment leur souffrance lors des entretiens, particuli\u00e8rement lors des entretiens pr\u00e9alables : angoisse, peur, crainte, culpabilit\u00e9 pour le parent gardien, col\u00e8re, humiliation, sentiment de disqualification, pour le parent visiteur. Formation Pr\u00e9vention Secours Civiques niveau 1 r\u00e9alis\u00e9e par 8 jeunes et 2 \u00e9ducateurs.<\/p>\n","protected":false},"excerpt":{"rendered":"<p>lieu de rencontre essonne<\/p>\n","protected":false},"author":1,"featured_media":0,"comment_status":"closed","ping_status":"closed","sticky":false,"template":"","format":"standard","meta":{"footnotes":""},"categories":[1],"tags":[],"_links":{"self":[{"href":"http:\/\/intranet.asbl.ca\/blog\/wp-json\/wp\/v2\/posts\/1919"}],"collection":[{"href":"http:\/\/intranet.asbl.ca\/blog\/wp-json\/wp\/v2\/posts"}],"about":[{"href":"http:\/\/intranet.asbl.ca\/blog\/wp-json\/wp\/v2\/types\/post"}],"author":[{"embeddable":true,"href":"http:\/\/intranet.asbl.ca\/blog\/wp-json\/wp\/v2\/users\/1"}],"replies":[{"embeddable":true,"href":"http:\/\/intranet.asbl.ca\/blog\/wp-json\/wp\/v2\/comments?post=1919"}],"version-history":[{"count":1,"href":"http:\/\/intranet.asbl.ca\/blog\/wp-json\/wp\/v2\/posts\/1919\/revisions"}],"predecessor-version":[{"id":1920,"href":"http:\/\/intranet.asbl.ca\/blog\/wp-json\/wp\/v2\/posts\/1919\/revisions\/1920"}],"wp:attachment":[{"href":"http:\/\/intranet.asbl.ca\/blog\/wp-json\/wp\/v2\/media?parent=1919"}],"wp:term":[{"taxonomy":"category","embeddable":true,"href":"http:\/\/intranet.asbl.ca\/blog\/wp-json\/wp\/v2\/categories?post=1919"},{"taxonomy":"post_tag","embeddable":true,"href":"http:\/\/intranet.asbl.ca\/blog\/wp-json\/wp\/v2\/tags?post=1919"}],"curies":[{"name":"wp","href":"https:\/\/api.w.org\/{rel}","templated":true}]}}