{"id":2073,"date":"2020-09-23T18:21:05","date_gmt":"2020-09-23T18:21:05","guid":{"rendered":"http:\/\/intranet.asbl.ca\/blog\/?p=2073"},"modified":"2020-09-20T09:14:47","modified_gmt":"2020-09-20T09:14:47","slug":"rencontres-avenir-professionnel","status":"publish","type":"post","link":"http:\/\/intranet.asbl.ca\/blog\/2020\/09\/23\/rencontres-avenir-professionnel\/","title":{"rendered":"Rencontres Avenir Professionnel"},"content":{"rendered":"<p> Du 2 au 5 Novembre 2020 : Congr\u00e8s de m\u00e9decine et sant\u00e9 au travail \u00e0 Strasbourg Le chapitre VII du titre IV du livre V de la cinqui\u00e8me partie du code des transports est compl\u00e9t\u00e9 par une section 3 ainsi r\u00e9dig\u00e9e : Annecy Paysages 2020 Du 0407 au 27092020, tous les jours. En savoir plus  La comp\u00e9tence de la R\u00e9gion en mati\u00e8re dorientation s\u00e9largit. Charg\u00e9e de mettre en place une nouvelle politique dorientation et des professionnels et plus pr\u00e9cis\u00e9ment dinformation sur les m\u00e9tiers et les formations en direction des coll\u00e9giens, lyc\u00e9ens, apprentis, \u00e9tudiants et leurs familles, et des adultes en reconversion, la R\u00e9gion Normandie lance une grande consultation aupr\u00e8s du public. Apr\u00e8s un premier rendez-vous au Havre, dautres dates sont programm\u00e9es en r\u00e9gion. <img decoding=\"async\" src=\"http:\/\/cyrillegeiger.fr\/files\/2015\/01\/image2.jpg\" alt=\"rencontres avenir professionnel\" align=\"left\"> <img decoding=\"async\" src=\"http:\/\/www.ccibw.be\/wp-content\/uploads\/2015\/11\/bulles_CCIBW-pannel-de-services.jpg\" alt=\"rencontres avenir professionnel\" align=\"center\"> <img decoding=\"async\" src=\"http:\/\/www.clg-champollion-voisins.ac-versailles.fr\/local\/cache-vignettes\/L600xH400\/img_9420-25e2a.jpg\" alt=\"rencontres avenir professionnel\" align=\"center\"> Par ailleurs, il est pr\u00e9vu que les salari\u00e9s titulaires de contrats uniques dinsertion devront \u00eatre inclus dans le d\u00e9compte des effectifs de lentreprise pour la mise en place des institutions repr\u00e9sentatives du personnel. Cette mesure entrera en vigueur au 1er janvier 2019. Vous \u00eates \u00e0 la recherche de votre projet d\u00e9tudes? Vous souhaitez d\u00e9couvrir les m\u00e9tiers, les \u00e9tablissements, les dipl\u00f4mes? Rendez-vous au forum de lorientation de la R\u00e9gion Centre-Val de Loire qui se tiendra, en partenariat avec le D\u00e9partement de lIndre, dans le hall des expositions \u00e0 Ch\u00e2teauroux les 12 et 13 janvier 2017! Incontournable pour pr\u00e9parer son avenir professionnel, il sadresse aux coll\u00e9giens, lyc\u00e9ens, apprentis et \u00e9tudiants, mais \u00e9galement \u00e0 leurs parents. Cest joli, la continuit\u00e9. Le mot est presque doux mais on doit linterroger.. Nous sommes 99 \u00e0 \u00eatre insatisfaits de ce que nous avons fait. Il y a plusieurs raisons \u00e0 cette insatisfaction. La premi\u00e8re est que pour un math\u00e9maticien, le mot continuit\u00e9 r\u00e9sonne : surviennent \u00e0 nos esprits des images, des repr\u00e9sentations, un concept. Or, avant le 13 mars, il y avait \u00e9cole, et apr\u00e8s, il ny en avait plus. Appelons \u00e7a une rupture. Cette rupture lApmep veut la penser \u00e0 labri de la rh\u00e9torique minist\u00e9rielle. This website uses cookies to improve your experience while you navigate through the website. Out of these cookies, the cookies that are categorized as necessary are stored on your browser as they are essential for the working of basic functionalities of the website. We also use third-party cookies that help us analyze and understand how you use this website. These cookies will be stored in your browser only with your consent. You also have the option to opt-out of these cookies. But opting out of some of these cookies may have an effect on your browsing experience. La Semaine de lentrepreneuriat dans les quartiers vise ainsi \u00e0 rapprocher jeunes et entrepreneurs gr\u00e2ce \u00e0 des t\u00e9moignages de chefs dentreprise volontaires aupr\u00e8s d\u00e9l\u00e8ves de fili\u00e8res g\u00e9n\u00e9rales, techniques et professionnelles. Ces rencontres dans les classes permettent ainsi d\u00e9tablir un dialogue interg\u00e9n\u00e9rationnel, d\u00e9veiller une ambition et daider aux choix dorientation de ces jeunes. Des experts \u00e0 votre disposition tout lapr\u00e8s-midi.. L\u00e9quipe du R\u00e9seau des R\u00e9f\u00e9rents Handicap, R\u00e9gion Ile-de-France Pour les entreprises, les collectivit\u00e9s ou \u00e9tablissements Le village sera organis\u00e9 autour de cinq p\u00f4les : recrutement, s\u00e9curit\u00e9 publique, s\u00e9curit\u00e9 routi\u00e8re, secours intervention durgence et gestes qui sauvent Sur le p\u00f4le s\u00e9curit\u00e9 routi\u00e8re En effet, ce dipl\u00f4me \u00e0 Bac 2 est un tremplin performant pour assurer une installation dans les meilleures conditions possibles. Le futur exploitant a ainsi plus de temps pour pr\u00e9parer son projet et acqu\u00e9rir de lexp\u00e9rience professionnelle avant de d\u00e9buter son activit\u00e9 agricole. Par ailleurs, cest un dipl\u00f4me qui donne acc\u00e8s \u00e0 beaucoup dautres m\u00e9tiers.  De d\u00e9cembre 2018 \u00e0 f\u00e9vrier 2019, devenir. Art, le r\u00e9seau des arts visuels en r\u00e9gion Centre-Val de Loire, a mis en place 3 rencontres ayant permis \u00e0 177 acteurs de sexprimer sur les th\u00e9matiques r\u00e9gionales qui leur semblent les plus d\u00e9terminantes pour les arts visuels. Quelles sont les th\u00e9matiques principales qui se sont d\u00e9gag\u00e9es? En 1901, Erik Satie a trente-quatre ans. Sans ressources et sans avenir professionnel, il d\u00e9laisse Montmartre et lauberge du Chat Noir pour une chambre de banlieue sordide o\u00f9, coinc\u00e9 entre deux pianos d\u00e9saccord\u00e9s et quatorze parapluies identiques, il boit autant, ou plus, quil compose. Observateur critique de ses contemporains, lhomme d\u00e9peint par St\u00e9phanie Kalfon est aussi un cr\u00e9ateur brillant et fantaisiste : il condamne labsence doriginalit\u00e9 de la soci\u00e9t\u00e9 musicale de l\u00e9poque, et son refus des r\u00e8gles lui vaut lincompr\u00e9hension et le rejet de ses professeurs au Conservatoire. Les parapluies dErik Satie nest ni une biographie, ni une hagiographie. Cest le premier roman de la r\u00e9alisatrice et sc\u00e9nariste St\u00e9phanie Kalfon, con\u00e7u \u00e0 la fois comme un hommage et comme un t\u00e9moignage sur la vie du musicien. Prix Litt\u00e9raire des Musiciens Voir aussi Apr\u00e8s les questions au gouvernement, place au dossier formation professionnelle. Le projet de loi entend revoir son organisation et son financement. Le conseil en \u00e9volution professionnelle CEP, dispositif daccompagnement des actifs d\u00e9sireux de se former, jusqualors confi\u00e9 \u00e0 des organismes publics par les r\u00e9gions, sera ouvert \u00e0 dautres prestataires, sur la base dun cahier des charges national. Un big bang promis par la ministre, pas vraiment du go\u00fbt des r\u00e9gions. Francis Vercamer LR prend leur d\u00e9fense : Le d\u00e9veloppement \u00e9conomique est une comp\u00e9tence de la r\u00e9gion mais le CEP, lui, va \u00eatre organis\u00e9 au niveau national. Il va conseiller les salari\u00e9s et les informer des emplois dans la r\u00e9gion, sans avoir \u00e0 conna\u00eetre de son d\u00e9veloppement \u00e9conomique! Cest compl\u00e8tement incoh\u00e9rent! Ce qui lui vaut un tr\u00e8s bien! de Boris Vallaud NG. Jeudi 14 juin : Du nouveau pour les apprentis?<\/p>\n","protected":false},"excerpt":{"rendered":"<p>rencontres avenir professionnel<\/p>\n","protected":false},"author":1,"featured_media":0,"comment_status":"closed","ping_status":"closed","sticky":false,"template":"","format":"standard","meta":{"footnotes":""},"categories":[1],"tags":[],"_links":{"self":[{"href":"http:\/\/intranet.asbl.ca\/blog\/wp-json\/wp\/v2\/posts\/2073"}],"collection":[{"href":"http:\/\/intranet.asbl.ca\/blog\/wp-json\/wp\/v2\/posts"}],"about":[{"href":"http:\/\/intranet.asbl.ca\/blog\/wp-json\/wp\/v2\/types\/post"}],"author":[{"embeddable":true,"href":"http:\/\/intranet.asbl.ca\/blog\/wp-json\/wp\/v2\/users\/1"}],"replies":[{"embeddable":true,"href":"http:\/\/intranet.asbl.ca\/blog\/wp-json\/wp\/v2\/comments?post=2073"}],"version-history":[{"count":1,"href":"http:\/\/intranet.asbl.ca\/blog\/wp-json\/wp\/v2\/posts\/2073\/revisions"}],"predecessor-version":[{"id":2074,"href":"http:\/\/intranet.asbl.ca\/blog\/wp-json\/wp\/v2\/posts\/2073\/revisions\/2074"}],"wp:attachment":[{"href":"http:\/\/intranet.asbl.ca\/blog\/wp-json\/wp\/v2\/media?parent=2073"}],"wp:term":[{"taxonomy":"category","embeddable":true,"href":"http:\/\/intranet.asbl.ca\/blog\/wp-json\/wp\/v2\/categories?post=2073"},{"taxonomy":"post_tag","embeddable":true,"href":"http:\/\/intranet.asbl.ca\/blog\/wp-json\/wp\/v2\/tags?post=2073"}],"curies":[{"name":"wp","href":"https:\/\/api.w.org\/{rel}","templated":true}]}}