{"id":2083,"date":"2020-09-23T15:20:26","date_gmt":"2020-09-23T15:20:26","guid":{"rendered":"http:\/\/intranet.asbl.ca\/blog\/?p=2083"},"modified":"2020-09-20T09:27:46","modified_gmt":"2020-09-20T09:27:46","slug":"rencontre-peuples-autochtones","status":"publish","type":"post","link":"http:\/\/intranet.asbl.ca\/blog\/2020\/09\/23\/rencontre-peuples-autochtones\/","title":{"rendered":"Rencontre Peuples Autochtones"},"content":{"rendered":"<p> Pour la F\u00eate de la musique en France le 21 juin, sur les trois radios du groupe FG Radio FG, Maxximum et FG Chic, des DJs essentiellement fran\u00e7ais.. Vous avez besoin daide? Vous souhaitez vous abonner, mais vous navez pas de carte bancaire? Dans le nord de la Mongolie, pr\u00e8s du lac Kh\u00f6vsg\u00f6l, vivent des tribus nomades qui \u00e9l\u00e8vent des rennes. Les Tsastans, nom qui signifie le peuple des rennes, doivent se d\u00e9placer chaque mois afin que leurs pr\u00e9cieuses b\u00eates aient de quoi se nourrir. D\u00c3couvrez Qu\u00c3bec \u00c3 partir du fleuve et levez lancre pour une croisi\u00c3re fascinante sur le Saint-Laurent! Apprenez-en davantage sur la seule ville fortifi\u00c3e en Am\u00c3rique du Nord avec une croisi\u00c3re guid\u00c3e ou laissez..  Cet assassinat arrive au moment o\u00f9 les peuples indig\u00e8nes sefforcent de se prot\u00e9ger de la pand\u00e9mie du Covid-19. La TI Arariboia-qui a d\u00e9j\u00e0 souffert de graves incendies et de nombreuses invasions-abrite un groupe dAw\u00e1-Guaj\u00e1 qui a choisi de vivre en isolement volontaire. Les peuples isol\u00e9s sont particuli\u00e8rement menac\u00e9s en cas de contact. Laction de leaders comme celle de Zezico est capitale. <img decoding=\"async\" src=\"http:\/\/adiac-congo.com\/sites\/default\/files\/20150313-ldm_1.jpg\" alt=\"rencontre peuples autochtones\" align=\"right\"> Le pays est officiellement confin\u00e9 jusquau 10 juin, pourtant, lactivit\u00e9 \u00e9conomique reprend doucement avant lheure dans certains restaurants et.. Afin d\u00eatre tenu inform\u00e9 de notre actualit\u00e9, vous pouvez vous inscrire \u00e0 notre lettre de diffusion. \u00c0 la suite des travaux r\u00e9alis\u00e9s dans le cadre du projet ERCSOGIP sur les \u00e9chelles de la gouvernance, depuis ladoption de la D\u00e9claration des Nations unies sur les droits des peuples autochtones DDPA 2007, nous poursuivons la r\u00e9flexion sur les articulations entre questions autochtones, d\u00e9veloppement dudes droits et processus globaux. Les changements juridiques, politiques et sociaux d\u00e9coulant de cet instrument international font partie des \u00e9volutions dun ordre global sensibilis\u00e9 aux probl\u00e8mes des peuples autochtones. Les caract\u00e9ristiques de la gouvernance mondiale, les consensus et les contradictions sur lesquels sappuie la gouvernance des questions autochtones comme les r\u00e9sistances quelle rencontre, mettent en tension ce qui sobserve dans les villages, les communaut\u00e9s ou encore dans les lieux apparemment neutres des institutions o\u00f9 sont prises les d\u00e9cisions globales Sabrinamelenottegmail.com bruno.baronnetgmail.com Nous sommes d\u00e9j\u00e0 en lien avec quelques contacts locaux, mais notre d\u00e9marche habituelle est avant tout de privil\u00e9gier les rencontres sur place pour rejoindre les communaut\u00e9s en suivant notre intuition. Le savez certainement d\u00e9j\u00e0, comme jen ai parl\u00e9 ici et l\u00e0, je suis tr\u00e8s sensible au lien qui unit certains peuples autochtones \u00e0 la nature Jai En ao\u00fbt cette ann\u00e9e, les femmes indig\u00e8nes ont donn\u00e9 de la voix mais dans un tout autre contexte. Plus de 2500 repr\u00e9sentantes de 130 peuples autochtones ont protest\u00e9 \u00e0 Brasilia contre le pr\u00e9sident Jair Bolsonaro. Cest la premi\u00e8re fois quun tel rassemblement est organis\u00e9 et les femmes indig\u00e8nes avaient un message clair : dire stop aux politiques g\u00e9nocidaires du pr\u00e9sident br\u00e9silien. Une communaut\u00e9 menac\u00e9e La question autochtone est plus que jamais au coeur du d\u00e9bat politique dans les anciennes colonies dAm\u00e9rique et du Pacifique. Au moyen dactions militantes sur le terrain ou devant les tribunaux, mais aussi par la voie des.. <img decoding=\"async\" src=\"http:\/\/outremers360.com\/wp-media\/uploads\/bfi_thumb\/HENRY-ROMERO-REUTERS-nkn7085h1uzsctqzfgp0x4r5q87c17u5jbbaipfbw8.jpg\" alt=\"rencontre peuples autochtones\" align=\"right\"> <img decoding=\"async\" src=\"http:\/\/www.uqac.ca\/espace-bois\/wp-content\/uploads\/2018\/05\/autochtone5-672x372.jpg\" alt=\"rencontre peuples autochtones\" align=\"center\"> Histoire migratoire des peuples Bantous : comment la g\u00e9nomique rend hommage au m\u00e9tissage et \u00e9claire le r\u00e9cit de lesclavage En mars, \u00e0 Nantes, se jouent Les Eclats Francophones, quatre concerts pour f\u00eater la cr\u00e9ation musicale autour de la langue fran\u00e7aise \u00e0 travers le monde. La premi\u00e8re date samedi 14. Musique-11.3.2020 Le mouvement transnational des peuples autochtones m\u00e8ne aujourdhui une action aupr\u00e8s de lAssembl\u00e9e g\u00e9n\u00e9rale de lONU pour discuter des moyens de permettre la participation des repr\u00e9sentants des peuples autochtones et de leurs institutions aux r\u00e9unions des organes comp\u00e9tents de lOrganisation des Nations Unies portant sur des questions qui les concernent R\u00e9solution 692 de lAssembl\u00e9e g\u00e9n\u00e9rale des Nations unies AGNU. Il sagit de la n\u00e9gociation la plus r\u00e9cente que ce mouvement a entreprise afin dobtenir une place \u00e0 la table du plus grand syst\u00e8me multilat\u00e9ral. Inspir\u00e9e des probl\u00e9matiques soulev\u00e9es par les \u00e9tudes subalternes \u00e0 propos de la repr\u00e9sentation politique, la communication propose une r\u00e9flexion sur les \u00e9volutions de la question aux Nations unies et sur les obstacles rencontr\u00e9s pour d\u00e9finir des modalit\u00e9s de repr\u00e9sentation dans ce que le mouvement autochtone appelle la plus grande bureaucratie au monde. \u00c0 travers un parcours qui montrera comment les conditions administratives ont fa\u00e7onn\u00e9 la mani\u00e8re dont cette demande sest exprim\u00e9e et les r\u00e9ponses qui lui ont \u00e9t\u00e9 apport\u00e9es, cette intervention \u00e9clairera les tensions existant entre des contraintes proc\u00e9durales du champ onusien et le progr\u00e8s des demandes politiques qui sont cens\u00e9es compter sur le soutien de lAGNU. En outre, la d\u00e9claration manque dune discussion s\u00e9rieuse sur un processus de d\u00e9colonisation ou sur les \u00e9l\u00e9ments qui pourraient contribuer \u00e0 un tel processus, tels que les processus de justice historique ou le rapatriement. Pour lessentiel, la l\u00e9galisation des luttes indig\u00e8nes limite les modes et les fa\u00e7ons dimaginer un avenir d\u00e9colonis\u00e9.  a atteint un autre niveau lors de mon voyage \u00e0 bord de Fleur de Lampaul. Pendant pr\u00e8s dun an, jai partag\u00e9 le quotidien de peuples autochtones des \u00eeles de la c\u00f4te ouest africaine, des Cara\u00efbes, de lAm\u00e9rique Centrale et de la Polyn\u00e9sie.<\/p>\n","protected":false},"excerpt":{"rendered":"<p>rencontre peuples autochtones<\/p>\n","protected":false},"author":1,"featured_media":0,"comment_status":"closed","ping_status":"closed","sticky":false,"template":"","format":"standard","meta":{"footnotes":""},"categories":[1],"tags":[],"_links":{"self":[{"href":"http:\/\/intranet.asbl.ca\/blog\/wp-json\/wp\/v2\/posts\/2083"}],"collection":[{"href":"http:\/\/intranet.asbl.ca\/blog\/wp-json\/wp\/v2\/posts"}],"about":[{"href":"http:\/\/intranet.asbl.ca\/blog\/wp-json\/wp\/v2\/types\/post"}],"author":[{"embeddable":true,"href":"http:\/\/intranet.asbl.ca\/blog\/wp-json\/wp\/v2\/users\/1"}],"replies":[{"embeddable":true,"href":"http:\/\/intranet.asbl.ca\/blog\/wp-json\/wp\/v2\/comments?post=2083"}],"version-history":[{"count":1,"href":"http:\/\/intranet.asbl.ca\/blog\/wp-json\/wp\/v2\/posts\/2083\/revisions"}],"predecessor-version":[{"id":2084,"href":"http:\/\/intranet.asbl.ca\/blog\/wp-json\/wp\/v2\/posts\/2083\/revisions\/2084"}],"wp:attachment":[{"href":"http:\/\/intranet.asbl.ca\/blog\/wp-json\/wp\/v2\/media?parent=2083"}],"wp:term":[{"taxonomy":"category","embeddable":true,"href":"http:\/\/intranet.asbl.ca\/blog\/wp-json\/wp\/v2\/categories?post=2083"},{"taxonomy":"post_tag","embeddable":true,"href":"http:\/\/intranet.asbl.ca\/blog\/wp-json\/wp\/v2\/tags?post=2083"}],"curies":[{"name":"wp","href":"https:\/\/api.w.org\/{rel}","templated":true}]}}