{"id":2091,"date":"2020-09-23T14:31:58","date_gmt":"2020-09-23T14:31:58","guid":{"rendered":"http:\/\/intranet.asbl.ca\/blog\/?p=2091"},"modified":"2020-09-20T09:39:27","modified_gmt":"2020-09-20T09:39:27","slug":"rencontre-ciel-et-espace","status":"publish","type":"post","link":"http:\/\/intranet.asbl.ca\/blog\/2020\/09\/23\/rencontre-ciel-et-espace\/","title":{"rendered":"Rencontre Ciel Et Espace"},"content":{"rendered":"<p>Vous allez aimer la critique de lastrologie z\u00e9t\u00e9tique <img decoding=\"async\" src=\"http:\/\/www.mobnami.gq\/foule-exposition-brassai_2013.jpg\" alt=\"rencontre ciel et espace\" align=\"right\"> Organisez simplement votre visite de la Cit\u00e9 de lespace en consultant les horaires des activit\u00e9s! du lundi au vendredi de 10h00 \u00e0 11h00 sur la 1\u00e8re Coulisses : lavocate Jehanne Collard propose le bridge comme d\u00e9rivatif dans les centres de r\u00e9\u00e9ducation Je vous invite \u00e0 jeter un oeil aux Forums Techniques En vid\u00e9o : regardez les conf\u00e9rences des Rencontres 2018 <img decoding=\"async\" src=\"http:\/\/www.bjorpkloven.tk\/10614-large_prod_detail\/meteogaz-20-sticks.jpg\" alt=\"rencontre ciel et espace\" align=\"left\">  A loccasion de la sortie de Exoplan\u00e8tes David Foss\u00e9 participera aux rencontres du Ciel et de lEspace Par ailleurs, je ne partage pas lanalyse de deux d\u00e9put\u00e9s. Ils confondent une question conjoncturelle sans rapport avec le syst\u00e8me financier local, et qui doit recevoir une r\u00e9ponse simple compensation int\u00e9grale par lEtat en nationalisant les pertes pour pr\u00e9server la capacit\u00e9 des collectivit\u00e9s locales \u00e0 maintenir les services publics du quotidien et \u00e0 participer pleinement \u00e0 la relance, dune part, et une question structurelle, \u00e0 savoir la p\u00e9r\u00e9quation qui doit \u00eatre reconstruite apr\u00e8s le bouleversement d\u00fb \u00e0 la disparition de la taxe dhabitation. Cette confusion est vraiment regrettable, car elle handicape les chances dune vraie r\u00e9forme structurelle.  Je ne nie pas leffondrement de la biodiversit\u00e9 li\u00e9s \u00e0 la pollution. Mais constatons quil saccompagnait dun effondrement de notre acuit\u00e9 \u00e0 percevoir la vie. Faute dattention, de patience, de calme. Limmobilit\u00e9 forc\u00e9e je lai v\u00e9rifi\u00e9 saccompagne souvent dun regard plus aff\u00fbt\u00e9 sur tout ce qui est en mouvement \u00e0 lext\u00e9rieur. Perception accrue des paysages avec tous leurs occupants, mais aussi des visages humains, avec tout ce quils r\u00e9v\u00e8lent de la vie int\u00e9rieure. Plus reli\u00e9s \u00e0 la nature, nous devenons plus humains. Retrouvez les derni\u00e8res informations en mati\u00e8re d\u00e9ducation. Plans Cul Bevere Photo Belle Femme Nue Escorts Girls Bordeau Fleshhole Com Brockvill, Trou noir supermassif \u00e0 la rencontre de deux galaxies Publi\u00e9 le 15 mai 2020, 07:00. Modifi\u00e9 le 15 mai 2020, 22:33. CR de la conf IAP par P. Noterdaeme du 2 F\u00e9vrier 2016. 11022016 <img decoding=\"async\" src=\"http:\/\/s2.www.astronomycameras.com\/data\/blog\/20101015\/assets\/les-rencontres-ducieletespace.jpg\" alt=\"rencontre ciel et espace\" align=\"left\"> Ce mardi, lauteur des blessures inflig\u00e9es \u00e0 lInspecteur de lEnvironnement a \u00e9t\u00e9 condamn\u00e9 \u00e0 600 euros damendes pour violences volontaires sur une personne d\u00e9positaire de lautorit\u00e9 publique, refus dobtemp\u00e9rer, non-respect des mesures de confinement, conduite sans permis et sans assurance, et circulation en espaces naturels. .<\/p>\n","protected":false},"excerpt":{"rendered":"<p>rencontre ciel et espace<\/p>\n","protected":false},"author":1,"featured_media":0,"comment_status":"closed","ping_status":"closed","sticky":false,"template":"","format":"standard","meta":{"footnotes":""},"categories":[1],"tags":[],"_links":{"self":[{"href":"http:\/\/intranet.asbl.ca\/blog\/wp-json\/wp\/v2\/posts\/2091"}],"collection":[{"href":"http:\/\/intranet.asbl.ca\/blog\/wp-json\/wp\/v2\/posts"}],"about":[{"href":"http:\/\/intranet.asbl.ca\/blog\/wp-json\/wp\/v2\/types\/post"}],"author":[{"embeddable":true,"href":"http:\/\/intranet.asbl.ca\/blog\/wp-json\/wp\/v2\/users\/1"}],"replies":[{"embeddable":true,"href":"http:\/\/intranet.asbl.ca\/blog\/wp-json\/wp\/v2\/comments?post=2091"}],"version-history":[{"count":1,"href":"http:\/\/intranet.asbl.ca\/blog\/wp-json\/wp\/v2\/posts\/2091\/revisions"}],"predecessor-version":[{"id":2092,"href":"http:\/\/intranet.asbl.ca\/blog\/wp-json\/wp\/v2\/posts\/2091\/revisions\/2092"}],"wp:attachment":[{"href":"http:\/\/intranet.asbl.ca\/blog\/wp-json\/wp\/v2\/media?parent=2091"}],"wp:term":[{"taxonomy":"category","embeddable":true,"href":"http:\/\/intranet.asbl.ca\/blog\/wp-json\/wp\/v2\/categories?post=2091"},{"taxonomy":"post_tag","embeddable":true,"href":"http:\/\/intranet.asbl.ca\/blog\/wp-json\/wp\/v2\/tags?post=2091"}],"curies":[{"name":"wp","href":"https:\/\/api.w.org\/{rel}","templated":true}]}}