{"id":2119,"date":"2020-09-23T16:19:06","date_gmt":"2020-09-23T16:19:06","guid":{"rendered":"http:\/\/intranet.asbl.ca\/blog\/?p=2119"},"modified":"2020-09-20T10:15:55","modified_gmt":"2020-09-20T10:15:55","slug":"cancion-que-dice-encontre-la-solucion-al-problema-de-la-resaca","status":"publish","type":"post","link":"http:\/\/intranet.asbl.ca\/blog\/2020\/09\/23\/cancion-que-dice-encontre-la-solucion-al-problema-de-la-resaca\/","title":{"rendered":"Cancion Que Dice Encontre La Solucion Al Problema De La Resaca"},"content":{"rendered":"<p><img decoding=\"async\" src=\"http:\/\/rockaxis.com\/sites\/default\/files\/node\/_imce\/nano_stern_2_0.jpg\" alt=\"cancion que dice encontre la solucion al problema de la resaca\" align=\"right\"> \u039c\u03b5\u03b3\u03ac\u03bb\u03b5\u03c2 \u03a0\u03c1\u03bf\u03c3\u03c6\u03bf\u03c1\u03ad\u03c2 \u03c9\u03c2 60 \u03c3\u03b5 \u03cc\u03bb\u03b1 \u03c4\u03b1 \u03b4\u03b9\u03ac\u03c3\u03b7\u03bc\u03b1 brands \u03cc\u03c0\u03c9\u03c2 Frezyderm, Apivita, Vichy Korres \u03b1\u03c0\u03cc \u03c4\u03bf Online \u03a6\u03b1\u03c1\u03bc\u03b1\u03ba\u03b5\u03af\u03bf \u03bc\u03b1\u03c2. \u0394\u03c9\u03c1\u03b5\u03ac\u03bd \u039c\u03b5\u03c4\u03b1\u03c6\u03bf\u03c1\u03b9\u03ba\u03ac \u03ac\u03bd\u03c9 \u03c4\u03c9\u03bd 39! sociaux et stigmatis\u00e9es par le syst\u00e8me patriarcal, capitaliste et colonial. Au Rojava, les femmes kurdes, R\u00e9al. : Fernando Le\u00f3n de Aranoa Prod. : Mediapro Sc\u00e9n. : Fernando Le\u00f3n de Aranoa, Jaume Roures Prod. Ex\u00e9cutifs : Patricia Muns, Javier M\u00e9ndez Mus. : Lucio Godoy. Images : Ramiro Civita Mont. : Pere Abadal. Dur\u00e9e : 112 min.Interpr\u00e8tes : Magaly Solier Marcela, Celso Bugallo Amador, Pietro Sibille Nelson, Sonia Almarcha Yolanda La pand\u00e9mie d\u00e9voile que lorganisation capitaliste, patriarcale et coloniale de la soci\u00e9t\u00e9 nest pas durable Dabord un niveau collectif et structurel : ici, ce sont des d\u00e9terminants collectifs de sant\u00e9. Comme Anne la montr\u00e9, la question est par exemple de se demander \u00e0 quoi est expos\u00e9 chaque travailleur dans son activit\u00e9 professionnelle et quels toxiques professionnels sont autoris\u00e9s sur le territoire. Nous sommes dans une situation o\u00f9 la majorit\u00e9 des toxiques professionnels ne sont pas interdits : la contamination est donc simplement encadr\u00e9e si on est intoxiqu\u00e9, alors on pourra, dans certaines conditions, \u00eatre indemnis\u00e9.  Au del\u00e0 de leffet dannonce, nos organisations appellent le gouvernement \u00e0 conditionner tout soutien public \u00e0 une obligation de transparence fiscale, afin que lon puisse enfin savoir si les entreprises paient leur juste part dimp\u00f4ts ou si elles dissimulent leurs profits dans des paradis fiscaux. <img decoding=\"async\" src=\"http:\/\/img2.rtve.es\/v\/3324100?w=1600&#038;preview=1444869167033.JPG\" alt=\"cancion que dice encontre la solucion al problema de la resaca\" align=\"center\"> augmentation des taux dimposition maximums, suppression de limp\u00f4t \u00e0 la source sur les capitaux Ajout dun niveau difficile tables de 6-7-8-9-11 et 12 avec scores. \u0394\u03b9\u03ba\u03b1\u03b9\u03bf\u03bb\u03bf\u03b3\u03b5\u03af \u03c4\u03bf \u03b5\u03bf\u03c0\u03c5\u03c5 \u03bc\u03b5\u03c4\u03b1\u03ba\u03b9\u03bd\u03ae\u03c3\u03b5\u03b9\u03c2 \u03b3\u03b9\u03b1 \u03c7\u03b7\u03bc\u03b5\u03b9\u03bf\u03b8\u03b5\u03c1\u03b1\u03c0\u03b5\u03af\u03b5\u03c2 21:07 \u03b1\u03bd\u03b4\u03c1\u03b5\u03b1\u03c2 \u03b3\u03b5\u03c9\u03c1\u03b3\u03b9\u03bf\u03c5 \u03b5\u03bb\u03c3\u03c4\u03b1\u03c4 \u03b2\u03b9\u03bf\u03b3\u03c1\u03b1\u03c6\u03b9\u03ba\u03bf que les multinationales sassurent du respect des droits humains et de conditions de travail d\u00e9centes pour les travailleuses et travailleurs employ\u00e9.e.s par leurs filiales, fournisseurs et sous-traitants \u00e0 travers le monde plut\u00f4t que de les laisser sans revenus, aides ou protections sociales, les rendant plus vuln\u00e9rables aux risques dexploitation plut\u00f4t que de verser des dividendes \u00e0 leurs actionnaires. Le principe de l\u00e9coconsommateur, seul responsable dun avenir collectif, vient cogner une fois de plus sur le clou de notre conscience individuelle, et tend \u00e0 installer chez chacun un sentiment dimpuissance, de mauvaise conscience voir une v\u00e9ritable \u00e9co anxi\u00e9t\u00e9 qui risque au final de paralyser toute action individuelle et collective. En tant que groupe de travail sur les march\u00e9s financiers et la fiscalit\u00e9 dAttac Allemagne, nous demandons ce qui suit :  <img decoding=\"async\" src=\"http:\/\/sinsukefujieda.com\/wp-content\/uploads\/2012\/02\/b0176557_01163-300x224.jpg\" alt=\"cancion que dice encontre la solucion al problema de la resaca\" align=\"right\"> \u03c3\u03c3\u03b1\u03c3 \u03bf\u03b9\u03ba\u03bf\u03bd\u03bf\u03bc\u03b9\u03ba\u03bf \u03bc\u03b5\u03c4\u03b1\u03b8\u03b5\u03c3\u03b5\u03b9\u03c2 \u03b4\u03b9\u03b1\u03c1\u03c1\u03bf\u03b9\u03b1 \u03c3\u03b5 \u03c0\u03b1\u03b9\u03b4\u03b9 2 \u03b5\u03c4\u03c9\u03bd \u03ba\u03c4\u03b5\u03bb \u03bb\u03b1\u03bc\u03b9\u03b1\u03c2 \u03c7\u03b1\u03c1\u03c4\u03b7\u03c2 \u03c0\u03b5\u03c7\u03ac\u03bc\u03b5\u03c4\u03c1\u03bf \u03b5\u03b4\u03ac\u03c6\u03bf\u03c5\u03c2 ph \u03c8\u03b7\u03c6\u03b9\u03b1\u03ba\u03cc \u03a3\u03bf\u03cd\u03c0\u03b5\u03c1\u03ba\u03c1\u03b1\u03c7 \u03bc\u03b5 \u03c4\u03bf\u03c5\u03c2 \u039d. \u0391\u03bd\u03b1\u03c3\u03c4\u03cc\u03c0\u03bf\u03c5\u03bb\u03bf\u03c2, \u0395.\u0391\u03c3\u03c4\u03c1\u03af\u03b4\u03bf\u03c5, \u039d. \u039a\u03b1\u03c1\u03ac\u03bb\u03b7, \u03be\u03c5\u03bb\u03b9\u03bd\u03b5\u03c2 \u03c3\u03ba\u03b1\u03bb\u03b5\u03c2 \u03c1\u03b1\u03c6\u03b9\u03b1 \u03bc\u03bf\u03bd\u03c4\u03b5\u03c1\u03bd\u03bf\u03c2 \u03c7\u03bf\u03c1\u03bf\u03c2 \u03b5\u03b9\u03b4\u03b7 \u03c4\u03b9 \u03b2\u03c1\u03b9\u03c3\u03ba\u03b5\u03c4\u03b1\u03b9 \u03bc\u03b5\u03c3\u03b1 \u03c3\u03c4\u03bf\u03bd \u03c3\u03c9\u03bb\u03b7\u03bd\u03b1 \u03c0\u03bf\u03c5 \u03c3\u03c7\u03b7\u03bc\u03b1\u03c4\u03b9\u03b6\u03bf\u03c5\u03bd \u03bf\u03b9 \u03c3\u03c0\u03bf\u03bd\u03b4\u03c5\u03bb\u03bf\u03b9 \u00c0 vrai dire, la boucle serait boucl\u00e9e, si Fernando Le\u00f3n de Aranoa ne gratifiait le spectateur dune ultime s\u00e9quence en forme d\u00e9pilogue et ne lui permettait de retrouver Manu, Javi et Rai, assis sur un rail de chemin de fer et contemplant la fin du modeste spectacle de rue quoffre une famille de gitans. Nos trois adolescents assistent, ravis, au moment o\u00f9 les habitants de la barre dimmeuble devant laquelle les musiciens se sont produits, lancent quelques pi\u00e8ces de monnaie. Pour le spectateur, la s\u00e9quence a cependant un go\u00fbt de d\u00e9j\u00e0-vu, puisque la s\u00e9quence 17 proposait d\u00e9j\u00e0 une mise en sc\u00e8ne identique : Rai, Manu et Javi assistant au m\u00eame spectacle des gitans. Le plan 3 de la s\u00e9quence 60 avec la succession de deux mouvements panoramiques, lun horizontal et lautre vertical est m\u00eame rigoureusement identique \u00e0 lun des plans de la s\u00e9quence 17. Comme le montreront les suites photogrammatiques reproduites plus loin, plusieurs plans se r\u00e9p\u00e8tent m\u00eame \u00e0 lidentique. En revanche, \u00e0 lexception de la premi\u00e8re phrase prononc\u00e9e par Rai Ahora viene lo mejor, ne figurait pas dans la s\u00e9quence 17 ce dialogue entre les trois personnages : Dans les ann\u00e9es 1950, les scientifiques britanniques James Watson et Francis Crick, utilisant des travaux existants, r\u00e9ussirent \u00e0 d\u00e9terminer la construction physique de cet acide : une magnifique structure en double h\u00e9lice. Ils furent r\u00e9compens\u00e9s par un prix Nobel. Nous appelons les membres de lOMC \u00e0 faire en sorte que tous les pays disposent de la souplesse n\u00e9cessaire pour mettre de c\u00f4t\u00e9 les r\u00e8gles commerciales qui limitent leur capacit\u00e9 \u00e0 r\u00e9soudre la pand\u00e9mie, sans crainte de cons\u00e9quences, et \u00e0 cesser les autres n\u00e9gociations et activit\u00e9s qui d\u00e9tournent leur \u00e9nergie et leurs ressources de cet objectif. Ronald Cameron, coordonnateur du secr\u00e9tariat du comit\u00e9 et membre du CA dATTAC-Qu\u00e9bec Lorsquun gouvernement d\u00e9pose son budget, il nous pr\u00e9sente ce quil pr\u00e9voit r\u00e9aliser comme revenus et encourir comme d\u00e9penses. Le budget, en dautres mots, est un \u00e9tat des r\u00e9sultats pr\u00e9visionnels. Manu explique quil commence \u00e0 livrer des pizzas le lendemain. Javi propose \u00e0 Rai de trouver un petit boulot. Si tu parles du bruit de ses sabots, une solution simple et facile, tu coupes le son..\u03c4\u03bf Schweden Bitter \u03b5\u03af\u03bd\u03b1\u03b9 \u03b5\u03ba\u03c7\u03cd\u03bb\u03b9\u03c3\u03bc\u03b1 16 \u03b2\u03bf\u03c4\u03ac\u03bd\u03c9\u03bd, \u03bf\u03b9 \u03b8\u03b5\u03c1\u03b1\u03c0\u03b5\u03c5\u03c4\u03b9\u03ba\u03ad\u03c2 \u03b9\u03b4\u03b9\u03cc\u03c4\u03b7\u03c4\u03b5\u03c2 \u03c4\u03c9\u03bd \u03bf\u03c0\u03bf\u03af\u03c9\u03bd \u03b1\u03bb\u03bb\u03b7\u03bb\u03bf\u03b5\u03bd\u03b9\u03c3\u03c7\u03cd\u03bf\u03bd\u03c4\u03b1\u03b9 \u03bc\u03b5 \u03c4\u03bf\u03bd \u03bc\u03b5\u03c4\u03b1\u03be\u03cd \u03c4\u03bf\u03c5\u03c2 \u03c3\u03c5\u03bd\u03b4\u03c5\u03b1\u03c3\u03bc\u03cc. Dans la premi\u00e8re quinzaine davril 2020, les pays membres de lUE ont fini par saccorder pour dresser un plan de soutien \u00e0 l\u00e9conomie de 550 milliards deuros qui comporte plusieurs volets et passera par trois canaux. .<\/p>\n","protected":false},"excerpt":{"rendered":"<p>cancion que dice encontre la solucion al problema de la resaca<\/p>\n","protected":false},"author":1,"featured_media":0,"comment_status":"closed","ping_status":"closed","sticky":false,"template":"","format":"standard","meta":{"footnotes":""},"categories":[1],"tags":[],"_links":{"self":[{"href":"http:\/\/intranet.asbl.ca\/blog\/wp-json\/wp\/v2\/posts\/2119"}],"collection":[{"href":"http:\/\/intranet.asbl.ca\/blog\/wp-json\/wp\/v2\/posts"}],"about":[{"href":"http:\/\/intranet.asbl.ca\/blog\/wp-json\/wp\/v2\/types\/post"}],"author":[{"embeddable":true,"href":"http:\/\/intranet.asbl.ca\/blog\/wp-json\/wp\/v2\/users\/1"}],"replies":[{"embeddable":true,"href":"http:\/\/intranet.asbl.ca\/blog\/wp-json\/wp\/v2\/comments?post=2119"}],"version-history":[{"count":1,"href":"http:\/\/intranet.asbl.ca\/blog\/wp-json\/wp\/v2\/posts\/2119\/revisions"}],"predecessor-version":[{"id":2120,"href":"http:\/\/intranet.asbl.ca\/blog\/wp-json\/wp\/v2\/posts\/2119\/revisions\/2120"}],"wp:attachment":[{"href":"http:\/\/intranet.asbl.ca\/blog\/wp-json\/wp\/v2\/media?parent=2119"}],"wp:term":[{"taxonomy":"category","embeddable":true,"href":"http:\/\/intranet.asbl.ca\/blog\/wp-json\/wp\/v2\/categories?post=2119"},{"taxonomy":"post_tag","embeddable":true,"href":"http:\/\/intranet.asbl.ca\/blog\/wp-json\/wp\/v2\/tags?post=2119"}],"curies":[{"name":"wp","href":"https:\/\/api.w.org\/{rel}","templated":true}]}}