{"id":2229,"date":"2020-09-23T20:10:21","date_gmt":"2020-09-23T20:10:21","guid":{"rendered":"http:\/\/intranet.asbl.ca\/blog\/?p=2229"},"modified":"2020-09-20T12:56:10","modified_gmt":"2020-09-20T12:56:10","slug":"toute-ces-rencontres","status":"publish","type":"post","link":"http:\/\/intranet.asbl.ca\/blog\/2020\/09\/23\/toute-ces-rencontres\/","title":{"rendered":"Toute Ces Rencontres"},"content":{"rendered":"<p> Les interventions sont t\u00e9l\u00e9chargeables en cliquant sur le nom des intervenants Retours dexp\u00e9riences Le v\u00e9lo passe-par tout : d\u00e9marches de planification et bo\u00eete \u00e0 outils par Jeac.. <img decoding=\"async\" src=\"http:\/\/p.calameoassets.com\/170315085028-098207b882e7168cc59baeb8ecd05a62\/p4.jpg\" alt=\"toute ces rencontres\" align=\"left\"> Si le d\u00e9veloppement des projets agricoles et ruraux se poursuit sur le rythme actuel, les objectifs fix\u00e9s par les pouvoirs publics ne seront remplis qu\u00e0 moiti\u00e9 en 2020. Selon les derni\u00e8res enqu\u00eates, 450 installations \u00e9taient en fonctionnement en France, toutes fili\u00e8res confondues m\u00e9thanisation deffluents de stations d\u00e9puration urbaines, industrielles, traitement des biod\u00e9chets, d\u00e9chets agricoles, en janvier 2016. Si le livre Le Petit Prince de Saint Exup\u00e9ry est le livre le plus lu Etude et protection des chauves-souris anthropophiles en Poitou-Charentes : retour sur 3 ans de prospection et de sensibilisation par Maxime Leuchtmann Nature Environnement 17 Radiocommunications On utilise les satellites pour les communications t\u00e9l\u00e9phoniques, les programmes de t\u00e9l\u00e9vision, les syst\u00e8mes de navigation par satellite et les cartes en ligne. Les services spatiaux ont en outre une importance d\u00e9terminante car ils permettent de surveiller l\u00e9volution de donn\u00e9es concernant par exemple la temp\u00e9rature des oc\u00e9ans, les types de v\u00e9g\u00e9tation et les gaz \u00e0 effet de serre et de transmettre ces donn\u00e9es-ce qui aide \u00e0 pr\u00e9venir les famines, \u00e0 pr\u00e9voir la trajectoire des ouragans ou les modalit\u00e9s d\u00e9volution du climat de la plan\u00e8te. Lessor spectaculaire des communications hertziennes, en particulier pour la fourniture de services \u00e0 large bande, montre combien il est n\u00e9cessaire doffrir des solutions mondiales pour r\u00e9pondre aux besoins dattributions additionnelles de bandes de fr\u00e9quences et de normes harmonis\u00e9es destin\u00e9es \u00e0 am\u00e9liorer linterop\u00e9rabilit\u00e9. En mai, fais ce quil te pla\u00eet, dit ladage. Mais attention \u00e0 tout rel\u00e2chement du respect des gestes barri\u00e8res. Car que ce soit avec les amis ou avec la famille, un seul point commun r\u00e9side entre toutes les retrouvailles pr\u00e9vues d\u00e8s ce lundi en France : la difficult\u00e9 de, et la crainte, au final Sollicitation des lyc\u00e9ens pour obtenir leur avis sur de nombreuses th\u00e9matiques telles que : lunit\u00e9 de lEurope, \u00e9ducation, citoyennet\u00e9 europ\u00e9enne, culture, mobilit\u00e9 des europ\u00e9ens, coh\u00e9sion et coop\u00e9ration territoriale, sports H. Lamoureux, Le citoyen responsable. L\u00e9thique de lengagement social, Montr\u00e9al, VLB, 1996. Ce panneau annonce un passage pour pi\u00e9tons, g\u00e9n\u00e9ralement mat\u00e9rialis\u00e9 sur la chauss\u00e9e par des bandes blanches. En juin, Marie Laurencin le quitte apr\u00e8s 5 ans dune liaison orageuse. Apollinaire \u00e9crit <img decoding=\"async\" src=\"http:\/\/olivierturcotte.com\/wp\/wp-content\/uploads\/SR-GroupFriends23.jpeg\" alt=\"toute ces rencontres\" align=\"left\"> <img decoding=\"async\" src=\"http:\/\/www.adnimalis.com\/wp-content\/uploads\/2018\/01\/IMG_1912.jpg\" alt=\"toute ces rencontres\" align=\"right\"> RADS consultation et instruction des dossiers dautorisation du droit du sol Mais non, on ne voit que mes jolies fesses, le reste nest pas int\u00e9ressant!! Jai un cerveau aussi!! \u00e0 Evelyne Chahrour accompagnement BAE, le fran\u00e7ais   pour sauvegarder mes filtres et personnaliser mon flux Disponible depuis cette page daccueil, une carte permet aussi de visualiser tous les d\u00e9bats qui ont \u00e9t\u00e9 organis\u00e9s davril \u00e0 octobre 2018 dans toutes les r\u00e9gions de France m\u00e9tropolitaine et doutre-mer dans le cadre des Consultations citoyennes. Chaque rencontre a fait lobjet dune restitution que vous pouvez consulter. Dans la rubrique Actualit\u00e9s des consultations, Toute lEurope publie \u00e9galement lint\u00e9gralit\u00e9 du rapport final fran\u00e7ais remis le 4 d\u00e9cembre au Quai dOrsay. Louise : Le groupe de Partage de la Parole ma permis de lire plus attentivement une partie de l\u00e9vangile de Matthieu en lisant les chapitres \u00e0 la suite et de voir comment Dieu vient nous parler \u00e0 chacun \u00e0 travers les m\u00eames mots. Ca ma permis de pouvoir faire du lien et mieux comprendre cet \u00e9vangile dans une ambiance conviviale!<\/p>\n","protected":false},"excerpt":{"rendered":"<p>toute ces rencontres<\/p>\n","protected":false},"author":1,"featured_media":0,"comment_status":"closed","ping_status":"closed","sticky":false,"template":"","format":"standard","meta":{"footnotes":""},"categories":[1],"tags":[],"_links":{"self":[{"href":"http:\/\/intranet.asbl.ca\/blog\/wp-json\/wp\/v2\/posts\/2229"}],"collection":[{"href":"http:\/\/intranet.asbl.ca\/blog\/wp-json\/wp\/v2\/posts"}],"about":[{"href":"http:\/\/intranet.asbl.ca\/blog\/wp-json\/wp\/v2\/types\/post"}],"author":[{"embeddable":true,"href":"http:\/\/intranet.asbl.ca\/blog\/wp-json\/wp\/v2\/users\/1"}],"replies":[{"embeddable":true,"href":"http:\/\/intranet.asbl.ca\/blog\/wp-json\/wp\/v2\/comments?post=2229"}],"version-history":[{"count":1,"href":"http:\/\/intranet.asbl.ca\/blog\/wp-json\/wp\/v2\/posts\/2229\/revisions"}],"predecessor-version":[{"id":2230,"href":"http:\/\/intranet.asbl.ca\/blog\/wp-json\/wp\/v2\/posts\/2229\/revisions\/2230"}],"wp:attachment":[{"href":"http:\/\/intranet.asbl.ca\/blog\/wp-json\/wp\/v2\/media?parent=2229"}],"wp:term":[{"taxonomy":"category","embeddable":true,"href":"http:\/\/intranet.asbl.ca\/blog\/wp-json\/wp\/v2\/categories?post=2229"},{"taxonomy":"post_tag","embeddable":true,"href":"http:\/\/intranet.asbl.ca\/blog\/wp-json\/wp\/v2\/tags?post=2229"}],"curies":[{"name":"wp","href":"https:\/\/api.w.org\/{rel}","templated":true}]}}