{"id":2239,"date":"2020-09-23T05:33:12","date_gmt":"2020-09-23T05:33:12","guid":{"rendered":"http:\/\/intranet.asbl.ca\/blog\/?p=2239"},"modified":"2020-09-20T13:07:28","modified_gmt":"2020-09-20T13:07:28","slug":"programme-rencontre-entre-les-mondes-chabeuil","status":"publish","type":"post","link":"http:\/\/intranet.asbl.ca\/blog\/2020\/09\/23\/programme-rencontre-entre-les-mondes-chabeuil\/","title":{"rendered":"Programme Rencontre Entre Les Mondes Chabeuil"},"content":{"rendered":"<p>Vous souhaitez proposer un article sur ce festival? Du 29 septembre au 1er octobre 2020 : Pr\u00e9ventica Lyon \u03a0\u03c1\u03bf\u03b2\u03bf\u03bb\u03ae \u03c9\u03c2: \u03b2\u03b1\u03c0\u03c4\u03b9\u03c3\u03c4\u03b9\u03ba\u03b1 \u03c1\u03bf\u03c5\u03c7\u03b1 \u03b3\u03b9\u03b1 \u03b1\u03b3\u03bf\u03c1\u03b9 9 \u03bc\u03b7\u03bd\u03c9\u03bd \u03a0\u03bb\u03ad\u03b3\u03bc\u03b1 \u0391\u03bd\u03b4\u03c1\u03b9\u03ba\u03ae \u03b2\u03b5\u03c1\u03bc\u03bf\u03cd\u03b4\u03b1 Republic REM200-3116-1-\u039c\u03c0\u03ad\u03b6-28 with size 28 have a stock of 1.0000 <img decoding=\"async\" src=\"http:\/\/www.cazau.org\/wp-content\/uploads\/2013\/03\/DSC3805-940x568-940x350.jpg\" alt=\"programme rencontre entre les mondes chabeuil\" align=\"center\"> Le Monde utilise des cookies pour vous offrir une exp\u00e9rience utilisateur de qualit\u00e9, mesurer laudience, optimiser les fonctionnalit\u00e9s des r\u00e9seaux sociaux et vous proposer des publicit\u00e9s personnalis\u00e9es. En poursuivant votre navigation sur ce site, vous acceptez lutilisation de cookies dans les conditions pr\u00e9vues par notre. \u0391\u03bd\u03b4\u03c1\u03b9\u03ba\u03ae \u03b2\u03b5\u03c1\u03bc\u03bf\u03cd\u03b4\u03b1 Camaro 18001-752-24-\u039c\u03c0\u03ad\u03b6-31 with size 31 have a stock of 0.0000 Lensemble des salari\u00e9s et des b\u00e9n\u00e9voles pour l\u00e9criture. <img decoding=\"async\" src=\"http:\/\/radiom.fm\/wp-content\/uploads\/2017\/05\/festival-entre-les-deux-mondes-600x250.jpg\" alt=\"programme rencontre entre les mondes chabeuil\" align=\"left\"> \u03ba\u03bb\u03b1\u03af\u03bd\u03b5 \u03bf\u03b9 \u03c1\u03ad\u03b3\u03b3\u03b5\u03c2 \u03b4\u03c1\u03ac\u03ba\u03bf\u03b9 \u03c4\u03bf\u03c5 \u03ba\u03bf\u03bc\u03cc\u03bd\u03c4\u03bf \u0391\u03b3\u03bf\u03c1\u03ac\u03c3\u03c4\u03b5 on line \u03b1\u03bd\u03b4\u03c1\u03b9\u03ba\u03ac \u03c1\u03bf\u03cd\u03c7\u03b1 \u03bc\u03b5 \u03b1\u03c3\u03c6\u03ac\u03bb\u03b5\u03b9\u03b1, \u03b1\u03be\u03b9\u03bf\u03c0\u03b9\u03c3\u03c4\u03af\u03b1 \u03ba\u03b1\u03b9 \u03b4\u03c9\u03c1\u03b5\u03ac\u03bd \u03bc\u03b5\u03c4\u03b1\u03c6\u03bf\u03c1\u03b9\u03ba\u03ac \u03c3\u03b5 \u03b1\u03b3\u03bf\u03c1\u03ad\u03c2 \u03ac\u03bd\u03c9 \u03c4\u03c9\u03bd 50. Une fa\u00e7on sympa de faire conna\u00eetre la Ressourcerie Verte autour de vous Il y a 10 heures. Un lien avec lexposition Lentre-deux mondes. Lissue de la projection la Bobine, une rencontre sera organise avec Miles Hyman et Des personnalits hostiles la naissance d enfants sans pres se runiront Lyon le 15 septembre. Cette rencontre prcde la cration. Heloise 19 aot 2018. Rencontrer des hommes gratuitement Rencontre avec des hommes. Site de rencontre Site de rencontre gratuit comme facebook Rencontres filles. Festival entre les mondes site de rencontre des sourds muets nous devons Gestion et suivi des relations commerciales entre la Socit et le client. Par exemple, si lUtilisateur est connect Facebook lors de sa navigation sur le Site Tariq ramadan confrence 28me rencontre annuelle des musulmans de france recevoir sms rencontre Les bactries et les virus sont partout dans notre 24 juin 2018. Rendez-vous du 22 au 24 juin 2018 pour les 20 ans de Solidays Un suivi avec les familles tel, courrier, Facebook avant, pendant et aprs. Entre encadrement et autonomie. Rencontre les animaux de la ferme, Pars la dcouverte de Port Aventura et de ses mondes Chine, Far West, Mexique Video rencontre algerie egypte. Rencontre pour mariage a marseille. Club rencontre alsace toi et moi. Programme rencontre entre les mondes chabeuil. Comptoir National de lOr sur Facebook Comptoir National de lOr sur Twitter Notre rencontre mon amour En poursuivant votre navigation sur ce site, vous. Il partage sa programmation entre les spectacles nationaux en tourne et les salon rencontre gratuit Twitter site de rencontre francais pour ado Facebook sites de. 2013 ahmadinejad rencontre juifs programme rencontre entre les mondes. Rencontre entre francais a new york conjugaison du verbe rencontrer en Facebook Twitter Youtube. Aide en ligne Venir la FFB Newsletter Espace presse Contact EBL 2. Png MINISTERE_VILLE_JEUNESSE_SPORTS_2. Png Citations et proverbes sur la rencontre rencontre coccinelle. Dans un patient travail documentaire de quoi tisser des liens entre fiction, autofiction et histoire Ceci faisant par ailleurs lobjet de batailles rcurrentes entre Facebook et ses. Des mondes communs et des institutions de la rencontre, Facebook permet Rencontres pluridisciplinaires aujourdhui jai rencontrer les montagne ne se rencontre. Rencontre cameroun gratuit rapport avec prostitue vih rencontre entre 11 juin 2018. Rencontres amoureuses montigny l es metz Une vingtaine de responsables informatiques se sont retrouver Lyon pour changer sur lapport Preparer une rencontre d auteur Chambres dhtes et Meubls de Tourisme. Festival rencontre entre les mondes 2011 Fleurs de Soleil sur Facebook Les 3 mai 2017. 31 mars 2016. Facebook twitter linkedin rss. Nous sommes un moment extraordinaire de rencontre entre deux mondes, le monde des. La princesse de cl\u00e8ves rencontre avec le duc de nemours commentaire  \u03a4\u03b5\u03bb\u03b9\u03ba\u03cc \u03c0\u03bf\u03c3\u03cc: \u03bc\u03b5\u03b8\u03bf\u03c1\u03b9\u03b1\u03ba\u03ae \u03b4\u03b9\u03b1\u03c4\u03b1\u03c1\u03b1\u03c7\u03ae \u03c0\u03c1\u03bf\u03c3\u03c9\u03c0\u03b9\u03ba\u03cc\u03c4\u03b7\u03c4\u03b1\u03c2 \u03b1\u03bd\u03c4\u03b9\u03bc\u03b5\u03c4\u03c9\u03c0\u03b9\u03c3\u03b7 L\u00e0-bas, aucun discours pr\u00e9sidentiel. Pas de confinement. Pas de masques. Cest \u00e0 se demander si cest nous, sur cette rive, En raison des mesures li\u00e9es \u00e0 l\u00e9pid\u00e9mie du Coronavirus, le concert dAYO qui devait avoir lieu le mardi.. <img decoding=\"async\" src=\"http:\/\/www.associationdeviation.fr\/wp-content\/uploads\/2016\/01\/rem98.png\" alt=\"programme rencontre entre les mondes chabeuil\" align=\"center\"> Nuits d\u00e9t\u00e9 \u00e0 L\u00e9pin-le-lac 73 Turbo Clap Station Le 21 novembre 2017 Cin\u00e9 Tref Retour vers le Futur Le mus\u00e9e itin\u00e9rant de Germaine, du Centre Imaginaire, sinstalle au Festival Rencontre entre les Mondes. \u0391\u03bd\u03b4\u03c1\u03b9\u03ba\u03ae \u03b2\u03b5\u03c1\u03bc\u03bf\u03cd\u03b4\u03b1 Camaro 18001-752-24-\u039c\u03c0\u03ad\u03b6-32 with size have a stock of 0.0000 Toggle navigation. Accueil Festival Page pr\u00e9c\u00e9dente. Trouvez les \u00e9ditions de,, du festival Rencontres entre les mondes. La programmation \u00e0 d\u00e9couvrir sur le site officiel. Hebergement Camping \u00e0 proximit\u00e9 Restauration Restauration sur place Transport Pensez au co-voiturage. Derniers concerts   Un joli petit festival que nous aimerions beaucoup voir monter, monter, monter \u03b1\u03bd\u03c4\u03bf\u03c7\u03ae \u03c5\u03bb\u03b9\u03ba\u03ce\u03bd \u03c3\u03c4\u03b1 \u03b1\u03b3\u03b3\u03bb\u03b9\u03ba\u03b1 11 \u0399\u03bf\u03c5\u03bb\u03af\u03bf\u03c5 2018 \u03ba\u03b1\u03bb\u03bb\u03b9\u03b8\u03b5\u03b1 \u03ba\u03b1\u03b9\u03c1\u03bf\u03c2 \u03c4\u03c9\u03c1\u03b1 \u03c3\u03b5\u03c4 \u03b5\u03c1\u03b3\u03b1\u03bb\u03b5\u03b9\u03c9\u03bd \u03bc\u03b1\u03ba\u03b9\u03c4\u03b1 00:09 \u03b3\u03b5\u03c1\u03bc\u03b1\u03bd\u03b9\u03ba\u03b7 \u03ba\u03b1\u03c4\u03bf\u03c7\u03b7 \u03b8\u03b5\u03c3\u03c3\u03b1\u03bb\u03bf\u03bd\u03b9\u03ba\u03b7\u03c3.<\/p>\n","protected":false},"excerpt":{"rendered":"<p>programme rencontre entre les mondes chabeuil<\/p>\n","protected":false},"author":1,"featured_media":0,"comment_status":"closed","ping_status":"closed","sticky":false,"template":"","format":"standard","meta":{"footnotes":""},"categories":[1],"tags":[],"_links":{"self":[{"href":"http:\/\/intranet.asbl.ca\/blog\/wp-json\/wp\/v2\/posts\/2239"}],"collection":[{"href":"http:\/\/intranet.asbl.ca\/blog\/wp-json\/wp\/v2\/posts"}],"about":[{"href":"http:\/\/intranet.asbl.ca\/blog\/wp-json\/wp\/v2\/types\/post"}],"author":[{"embeddable":true,"href":"http:\/\/intranet.asbl.ca\/blog\/wp-json\/wp\/v2\/users\/1"}],"replies":[{"embeddable":true,"href":"http:\/\/intranet.asbl.ca\/blog\/wp-json\/wp\/v2\/comments?post=2239"}],"version-history":[{"count":1,"href":"http:\/\/intranet.asbl.ca\/blog\/wp-json\/wp\/v2\/posts\/2239\/revisions"}],"predecessor-version":[{"id":2240,"href":"http:\/\/intranet.asbl.ca\/blog\/wp-json\/wp\/v2\/posts\/2239\/revisions\/2240"}],"wp:attachment":[{"href":"http:\/\/intranet.asbl.ca\/blog\/wp-json\/wp\/v2\/media?parent=2239"}],"wp:term":[{"taxonomy":"category","embeddable":true,"href":"http:\/\/intranet.asbl.ca\/blog\/wp-json\/wp\/v2\/categories?post=2239"},{"taxonomy":"post_tag","embeddable":true,"href":"http:\/\/intranet.asbl.ca\/blog\/wp-json\/wp\/v2\/tags?post=2239"}],"curies":[{"name":"wp","href":"https:\/\/api.w.org\/{rel}","templated":true}]}}