{"id":2277,"date":"2020-09-23T23:27:41","date_gmt":"2020-09-23T23:27:41","guid":{"rendered":"http:\/\/intranet.asbl.ca\/blog\/?p=2277"},"modified":"2020-09-20T13:53:52","modified_gmt":"2020-09-20T13:53:52","slug":"poemes-rencontre-net","status":"publish","type":"post","link":"http:\/\/intranet.asbl.ca\/blog\/2020\/09\/23\/poemes-rencontre-net\/","title":{"rendered":"Poemes Rencontre Net"},"content":{"rendered":"<p>Doctorants de luniversit\u00e9 Sorbonne Paris Nord. Objectif Nous sommes drogu\u00e9s \u00e0 lid\u00e9e d\u00e9galit\u00e9. Tout est un droit pour tous  <img decoding=\"async\" src=\"http:\/\/www.saint-gilles-vieux-march%C3%A9.net\/wp-content\/uploads\/2015\/07\/posterA4_2.jpg\" alt=\"poemes rencontre net\" align=\"right\"> A ne pas manquer en f\u00e9vrier et en mars \u00e0 lOp\u00e9ra Comique. En chant\u00e9e est un moment de rencontre et de partage avec une chanteuse et un musicien, autour des berceuses, formulettes, comptines, randonn\u00e9es, jeux dans\u00e9s, chansons Cest une invitation pour les tout-petits et leurs proches \u00e0 venir jouer, \u00e9couter, chanter \u00c0 vos agendas: Charles Pennequin et Jean-Fran\u00e7ois Pauvros sont de sortie R\u00e9compense : Prix Roman Terroir 2018 au salon international du livre de Mazamet pour les R\u00e9cits Historiques des quais dOrl\u00e9ans Conf\u00e9rence Proclero avec le philosophe et math\u00e9maticien Olivier Rey Mais dont seuls les oiseaux connaissent le murmure? Combien de lettres nous sommes-nous envoy\u00e9es depuis que nous sommes ensemble? Sans doute pas assez encore. Parce quil ny a pas de mots assez nombreux, ni assez forts, pour exprimer lintensit\u00e9 de ma passion. Chaque jour, jai envie de crier au monde entier, et d\u00e9crire en grandes lettres rouges, \u00e0 quel point je taime. Parce qu\u00e0 jamais, ce que je ressens pour toi est grav\u00e9 dans ma m\u00e9moire et dans mon c\u0153ur. Je taime. <img decoding=\"async\" src=\"http:\/\/p.calameoassets.com\/120202100932-684597cd2b7dbe7730fe89b54255be46\/p1.jpg\" alt=\"poemes rencontre net\" align=\"left\"> Un moment d\u00e9change humain qui fait plaisir et nous en apprend sur lautre mais aussi sur soi.  Publi\u00e9 le 27 novembre 2019 par Guillaume S\u00e9bastien \u0391\u03c0\u03cc \u03c4\u03b7 \u03c3\u03c4\u03b9\u03b3\u03bc\u03ae \u03b1\u03c5\u03c4\u03ae, \u03c4\u03bf \u03b4\u03ad\u03c1\u03bc\u03b1 \u03c3\u03b1\u03c2 \u03c4\u03c3\u03b9\u03bc\u03c0\u03ac\u03b5\u03b9 \u03ba\u03b1\u03b9 \u03c4\u03c1\u03b1\u03b2\u03ac\u03b5\u03b9, \u03b5\u03bc\u03c6\u03b1\u03bd\u03af\u03b6\u03b5\u03b9 \u03ba\u03bf\u03ba\u03ba\u03b9\u03bd\u03af\u03bb\u03b5\u03c2 \u03ba\u03b1\u03b9 \u03b1\u03c0\u03bf\u03bb\u03b5\u03c0\u03af\u03b6\u03b5\u03c4\u03b1\u03b9. Culture Francis Combes : Nous demandons que le livre b\u00e9n\u00e9ficie dun tarif pr\u00e9f\u00e9rentiel Retour sur loeuvre de lartiste plasticien Christo, d\u00e9c\u00e9d\u00e9 le 31 mai dernier \u00e0 l\u00e2ge de 84 ans. Pour en parler, la sociologue et sp\u00e9cialiste de lart.. Depuis peu, lassociation organise elle-m\u00eame, en toute simplicit\u00e9, des spectacles po\u00e9tiques. Cest loccasion pour les membres dAn Amzer de dire les textes des plus grands po\u00e8tes, Jacques Pr\u00e9vert, Apollinaire, Rimbaud et de vous faire partager \u00e9galement leurs propres cr\u00e9ations, en toute modestie, bien entendu! AN AMZER ET LE SLAM  <img decoding=\"async\" src=\"http:\/\/www.poesie-terpsichore.eu\/archives\/images\/2014concourspoesieenfants.jpg\" alt=\"poemes rencontre net\" align=\"right\">.<\/p>\n","protected":false},"excerpt":{"rendered":"<p>poemes rencontre net<\/p>\n","protected":false},"author":1,"featured_media":0,"comment_status":"closed","ping_status":"closed","sticky":false,"template":"","format":"standard","meta":{"footnotes":""},"categories":[1],"tags":[],"_links":{"self":[{"href":"http:\/\/intranet.asbl.ca\/blog\/wp-json\/wp\/v2\/posts\/2277"}],"collection":[{"href":"http:\/\/intranet.asbl.ca\/blog\/wp-json\/wp\/v2\/posts"}],"about":[{"href":"http:\/\/intranet.asbl.ca\/blog\/wp-json\/wp\/v2\/types\/post"}],"author":[{"embeddable":true,"href":"http:\/\/intranet.asbl.ca\/blog\/wp-json\/wp\/v2\/users\/1"}],"replies":[{"embeddable":true,"href":"http:\/\/intranet.asbl.ca\/blog\/wp-json\/wp\/v2\/comments?post=2277"}],"version-history":[{"count":1,"href":"http:\/\/intranet.asbl.ca\/blog\/wp-json\/wp\/v2\/posts\/2277\/revisions"}],"predecessor-version":[{"id":2278,"href":"http:\/\/intranet.asbl.ca\/blog\/wp-json\/wp\/v2\/posts\/2277\/revisions\/2278"}],"wp:attachment":[{"href":"http:\/\/intranet.asbl.ca\/blog\/wp-json\/wp\/v2\/media?parent=2277"}],"wp:term":[{"taxonomy":"category","embeddable":true,"href":"http:\/\/intranet.asbl.ca\/blog\/wp-json\/wp\/v2\/categories?post=2277"},{"taxonomy":"post_tag","embeddable":true,"href":"http:\/\/intranet.asbl.ca\/blog\/wp-json\/wp\/v2\/tags?post=2277"}],"curies":[{"name":"wp","href":"https:\/\/api.w.org\/{rel}","templated":true}]}}