{"id":2307,"date":"2020-09-23T15:46:42","date_gmt":"2020-09-23T15:46:42","guid":{"rendered":"http:\/\/intranet.asbl.ca\/blog\/?p=2307"},"modified":"2020-09-20T14:34:00","modified_gmt":"2020-09-20T14:34:00","slug":"image-rencontre-professionnelle","status":"publish","type":"post","link":"http:\/\/intranet.asbl.ca\/blog\/2020\/09\/23\/image-rencontre-professionnelle\/","title":{"rendered":"Image Rencontre Professionnelle"},"content":{"rendered":"<p>Les soci\u00e9t\u00e9s technologiques et les organisations anti-copyright se battent bec et ongles pour d\u00e9faire la Directive. De puissants lobbies m\u00e8nent une campagne de d\u00e9sinformation visant \u00e0 affaiblir les droits dauteur, pr\u00e9sentant les copyrights des cr\u00e9ateurs comme une censure et une menace \u00e0 la libert\u00e9 dexpression. Ces deux mentions et toute autre indication de restriction dexploitation simposent aux utilisateurs des \u0153uvres qui ont lobligation de les respecter ; en cas de non-respect, la SAIF se r\u00e9serve la facult\u00e9 dappliquer des majorations cf. Pour nous, ils sont importants pour le suivi de performance de notre site. Plan de travail 5 Plan de travail 2 Plan de travail 6  Les \u00e9l\u00e8ves de lyc\u00e9e de linternat du Centre International de Valbonne l\u00e8vent les voiles en ce d\u00e9but dann\u00e9e pour b\u00e9n\u00e9ficier du parcours du festivalier riche et vari\u00e9 quoffrent les Rencontres Photographiques dArles pendant une journ\u00e9e, accompagn\u00e9s dAnabelle Aubanel, professeure darts plastiques et charg\u00e9e de mission de la DAAC. <img decoding=\"async\" src=\"http:\/\/www.arrondissement.com\/userImgs\/directory\/logos\/260x140\/2358.png\" alt=\"image rencontre professionnelle\" align=\"left\"> Projet immobilier? Travaux de r\u00e9novation? D\u00e9m\u00e9nagement? Nous avons les solutions \u00e9lectriques pens\u00e9es pour vous. R\u00e9pondant \u00e0 la proposition de Marie-Anne Montchamp, Genevi\u00e8ve Mannarino a annonc\u00e9 en cl\u00f4ture que sept pr\u00e9sidents de d\u00e9partements sengageaient dans la r\u00e9flexion sur les nouveaux modes de pilotage des politiques de lautonomie. <img decoding=\"async\" src=\"http:\/\/www.tmnlab.com\/wp-content\/uploads\/2017\/04\/Capture-d%C3%A9cran-2017-04-15-15.38.01.png\" alt=\"image rencontre professionnelle\" align=\"right\"> Association Rencontres Cin\u00e9mas dAm\u00e9rique Latine de Toulouse ARCALT  Lancement des rencontres de la s\u00e9curit\u00e9 par Jean-Francis Treffel, pr\u00e9fet de la Mayenne Joignez si n\u00e9cessaire un justificatif didentit\u00e9. Si et seulement si, lorganisme \u00e0 des doutes raisonnables sur votre identit\u00e9, il peut vous demander de joindre tout document permettant de prouver votre identit\u00e9, par exemple pour \u00e9viter les usurpations didentit\u00e9. En revanche, il ne peut pas vous demander des pi\u00e8ces justificatives qui seraient abusives, non pertinente et disproportionn\u00e9es par rapport \u00e0 votre demande. Tous les \u00e9l\u00e8ves de notre \u00e9cole assistent \u00e0 la manifestation et ils sont nombreux \u00e0 aller \u00e0 la rencontre les professionnels et d\u00e9velopper leur propre r\u00e9seau! Organis\u00e9es par le Conseil r\u00e9gional de Bretagne avec lappui du GREF Bretagne, les 1\u00e8res rencontres r\u00e9gionales des professionnel.le.s du SPRO-EP ont rassembl\u00e9 plus de 180 participants.  <img decoding=\"async\" src=\"http:\/\/www.modadomani.fr\/pierre-kalaijian\/media\/HR-charlie-hebdo.jpg\" alt=\"image rencontre professionnelle\" align=\"center\"> York. Il a travaill\u00e9 dans plusieurs cabinets davocats sp\u00e9cialis\u00e9s en droit dauteur \u00e0 Le mat\u00e9riel de connexion aux sites que vous utilisez est sous votre enti\u00e8re responsabilit\u00e9. Vous devez prendre toutes les mesures appropri\u00e9es pour prot\u00e9ger votre mat\u00e9riel et vos propres donn\u00e9es notamment dattaques virales par Internet. Vous \u00eates par ailleurs le seul responsable des sites et donn\u00e9es que vous consultez. Le soutien du S\u00e9nat et, nous lesp\u00e9rons, de lAssembl\u00e9e Nationale sur la situation des auteurs et des artistes constitueront un signe fort dans le cadre des grandes r\u00e9formes annonc\u00e9es pour le statut social de ces populations. Ici les rendez-vous de la Saif tout au long de la semaine : Temps d\u00e9change avec les encadrants et les artistes-intervenants de 4 ateliers d\u00e9ducation aux images soutenus par Passeurs dImages. Des projets aux temporalit\u00e9s, aux m\u00e9diums et aux publics diff\u00e9rents : une certaine diversit\u00e9 dapproches de l\u00e9ducation audiovisuelle tourn\u00e9e vers lexpression et la p\u00e9dagogie. Ouverture officielle de lappel \u00e0 projet 2020.<\/p>\n","protected":false},"excerpt":{"rendered":"<p>image rencontre professionnelle<\/p>\n","protected":false},"author":1,"featured_media":0,"comment_status":"closed","ping_status":"closed","sticky":false,"template":"","format":"standard","meta":{"footnotes":""},"categories":[1],"tags":[],"_links":{"self":[{"href":"http:\/\/intranet.asbl.ca\/blog\/wp-json\/wp\/v2\/posts\/2307"}],"collection":[{"href":"http:\/\/intranet.asbl.ca\/blog\/wp-json\/wp\/v2\/posts"}],"about":[{"href":"http:\/\/intranet.asbl.ca\/blog\/wp-json\/wp\/v2\/types\/post"}],"author":[{"embeddable":true,"href":"http:\/\/intranet.asbl.ca\/blog\/wp-json\/wp\/v2\/users\/1"}],"replies":[{"embeddable":true,"href":"http:\/\/intranet.asbl.ca\/blog\/wp-json\/wp\/v2\/comments?post=2307"}],"version-history":[{"count":1,"href":"http:\/\/intranet.asbl.ca\/blog\/wp-json\/wp\/v2\/posts\/2307\/revisions"}],"predecessor-version":[{"id":2308,"href":"http:\/\/intranet.asbl.ca\/blog\/wp-json\/wp\/v2\/posts\/2307\/revisions\/2308"}],"wp:attachment":[{"href":"http:\/\/intranet.asbl.ca\/blog\/wp-json\/wp\/v2\/media?parent=2307"}],"wp:term":[{"taxonomy":"category","embeddable":true,"href":"http:\/\/intranet.asbl.ca\/blog\/wp-json\/wp\/v2\/categories?post=2307"},{"taxonomy":"post_tag","embeddable":true,"href":"http:\/\/intranet.asbl.ca\/blog\/wp-json\/wp\/v2\/tags?post=2307"}],"curies":[{"name":"wp","href":"https:\/\/api.w.org\/{rel}","templated":true}]}}