{"id":2311,"date":"2020-09-23T21:53:38","date_gmt":"2020-09-23T21:53:38","guid":{"rendered":"http:\/\/intranet.asbl.ca\/blog\/?p=2311"},"modified":"2020-09-20T14:42:28","modified_gmt":"2020-09-20T14:42:28","slug":"rencontre-gouvernement-syndicat","status":"publish","type":"post","link":"http:\/\/intranet.asbl.ca\/blog\/2020\/09\/23\/rencontre-gouvernement-syndicat\/","title":{"rendered":"Rencontre Gouvernement Syndicat"},"content":{"rendered":"<p>99 des femmes d\u00e9clarent avoir d\u00e9j\u00e0 \u00e9t\u00e9 victime dun acte ou commentaire sexiste : Pour 86 tu as tes r\u00e8gles quand elles sont de mauvaises humeur Pour 84 se faire siffler dans la rue Pour 73 avoir une remarque sur leur physique hors contexte Pour 54 avoir subi une blague ou remarque \u00e0 caract\u00e8re sexuel A Paris, la circulation devrait \u00e0 nouveau \u00eatre perturb\u00e9e, ce weekend, avec toutefois encore une nette am\u00e9lioration par rapport aux week-ends pr\u00e9c\u00e9dents, souligne la RATP. Nous tenons \u00e0 votre disposition le texte complet de la circulaire de la DAG. R\u00e9organisation des Drac et des Sdap Ce contenu a bien \u00e9t\u00e9 ajout\u00e9 \u00e0 vos favoris dans votre profil! Voir mes favoris Pr\u00e9sidence de la Polyn\u00e9sie Le gouvernement de la Polyn\u00e9sie fran\u00e7aise a tenu, ce mercredi En direct EN DIRECT-Retraites : Philippe adressera samedi des propositions aux partenaires sociaux sur la conf\u00e9rence de financement O\u00f9 trouver le journal Le Point et ses hors-s\u00e9ries pr\u00e8s de chez vous?  Selon lenqu\u00eate Elabe du 7 novembre, 64 des Fran\u00e7ais approuve la mobilisation du 5 d\u00e9cembre, contre la r\u00e9forme des retraites. Un signe qui d\u00e9joue la man\u0153uvre de lex\u00e9cutif qui souhaitait enfermer la contestation dans le seul p\u00e9rim\u00e8tre des r\u00e9gimes sp\u00e9ciaux. Cest tout lenjeu de la large concertation lanc\u00e9e par le Ministre de lInt\u00e9rieur G\u00e9rard Collomb le 28 octobre \u00e0 La Rochelle : entendre les propositions en partant du terrain. Cest pourquoi chaque policier et gendarme pourra donner son avis via des questionnaires mais aussi des r\u00e9unions de proximit\u00e9. Courrier dYves Veyrier adress\u00e9 \u00e0 Laurent PIETRASZEWSKI, Secr\u00e9taire d\u00c9tat aux retraites, soulignant les interrogations de la conf\u00e9d\u00e9ration Force Ouvri\u00e8re sur le minimum de pension.  Sgen-CFDT-Maison du Peuple-21bis-23, rue Ars\u00e8ne Orillard-86035 POITIERS Cedex Tel : 05.49.88.15.82 E-mail : poitou-charentessgen.cfdt.fr COVID-19 : Il faut des mesures imm\u00e9diates pour les usagers et les salari\u00e9es des transports! Necessary cookies are absolutely essential for the website to function properly. This category only includes cookies that ensures basic functionalities and security features of the website. These cookies do not store any personal information. <img decoding=\"async\" src=\"http:\/\/www.notretempsbf.com\/fichiers_site\/a3109oua\/contenu_pages\/une-du-mercredi-23-novembre-2016_583702e17df49_l665_h366.jpg\" alt=\"rencontre gouvernement syndicat\" align=\"right\"> Les \u00e9coles secondaires et les coll\u00e8ges seront autoris\u00e9s \u00e0 ouvrir le mois prochain, \u00e0 condition que les autorit\u00e9s ne voient pas une augmentation des infections Offre 100 num\u00e9rique: 1 le 1er mois sans engagement <img decoding=\"async\" src=\"http:\/\/lepointsur.com\/wp-content\/uploads\/2017\/01\/gouvernement-bon.jpg\" alt=\"rencontre gouvernement syndicat\" align=\"right\"> Apr\u00e8s un vendredi 13 septembre sans m\u00e9tro, la ville de Paris doit-elle sattendre \u00e0 de nouvelles journ\u00e9es \u00e0 larr\u00eat? Cinq syndicats de la RATP appellent \u00e0 un mouvement illimit\u00e9 \u00e0 partir du 5 d\u00e9cembre pour protester contre la r\u00e9forme des retraites. _________________________________________________________________________________ __________________________________________________ Le montant de la baisse demand\u00e9e en 2020 est dautant plus inacceptable quil saccompagne dune \u00e9volution annuelle autoris\u00e9e par la CNAM de 0,25 en 2020, puis 0,50 les deux ann\u00e9es suivantes, alors quelle reconnait elle-m\u00eame que les pr\u00e9visions d\u00e9volution en volume se situent autour de 3,6.  Il y a eu 17 305 fonctionnaires qui ont \u00e9t\u00e9 d\u00e9tect\u00e9s comme nayant pas de dipl\u00f4mes \u00e0 la fonction publique. En plus de \u00e7a, il y a 1 904 agents qui sont d\u00e9clar\u00e9s pr\u00e9sum\u00e9s faux d\u00e9tenteurs de dipl\u00f4me. Si vous comprenez bien, les travailleurs doivent attendre que cette commission, qui avance dailleurs \u00e0 pas de cam\u00e9l\u00e9on, finisse son travail avant de d\u00e9terminer le gain qui pourra permettre au gouvernement dam\u00e9liorer la situation des fonctionnaires. Plus nous allons attendre, plus. Nous allons mourir en grand nombre, a d\u00e9clar\u00e9 Barka Michel, porte-parole de la plateforme syndicale revendicative. Le 18 avril dernier, la Cour des comptes a re\u00e7u les Organisations Syndicales dans le cadre de la r\u00e9forme des retraites et de lenqu\u00eate sur les r\u00e9gimes sp\u00e9ciaux. Dembl\u00e9e, FO \u00c9nergie et Mines a exprim\u00e9 son profond d\u00e9saccord avec la r\u00e9forme annonc\u00e9e visant \u00e0 la mise en \u0153uvre dun r\u00e9gime universel par points. Les salari\u00e9s des IEG ont d\u00e9j\u00e0 \u00e9t\u00e9 largement touch\u00e9s par la r\u00e9forme de 2008 qui les a align\u00e9s sur le droit commun. Nous avons rappel\u00e9 que notre r\u00e9gime est autofinanc\u00e9 et quil ne co\u00fbte rien \u00e0 la solidarit\u00e9 nationale. Bien au contraire, il contribue d\u00e9j\u00e0 Cloudflare Ray ID: 5a21a8b37bc3d9f0 Your IP: 27.74.246.106 Performance security by _________________________________________________________________________________ ___________________ <img decoding=\"async\" src=\"http:\/\/hanslucas.com\/pict\/zoom\/516044.jpg\" alt=\"rencontre gouvernement syndicat\" align=\"right\"> Chez les h\u00f4tesses et stewards, cest le SNPNC-FO lui aussi majoritaire qui a confirm\u00e9 ce quil annon\u00e7ait la semaine derni\u00e8re, une \u00e0 laquelle il convie les autres syndicats : il sest dit hier pr\u00eat \u00e0 rentrer dans un conflit dur et long sans retour positif \u00e0 ses demandes sur le maintien de la CRPN Caisse de retraite du personnel navigant, autonome et autofinanc\u00e9e. La bascule de la CRPN dans le r\u00e9gime universel \u00e0 points aurait comme cons\u00e9quence principale une baisse de 40 de nos pensions et un temps de travail allong\u00e9 a d\u00e9j\u00e0 calcul\u00e9 le SNPNC, qui met aussi en avant parmi ses revendications la p\u00e9nibilit\u00e9 du m\u00e9tier de PNC l oin des clich\u00e9s v\u00e9hicul\u00e9s sur notre profession par des d\u00e9cideurs qui veulent lisser par le bas lensemble des salari\u00e9s fran\u00e7ais : horaires d\u00e9cal\u00e9s permanents avec perturbation du rythme circadien, variations de pression atmosph\u00e9rique ou manipulation de charges lourdes qui justifient selon le syndicat le maintien \u00e0 un d\u00e9part en retraite possible \u00e0 partir de 55 ans. Liverpool est devenue aujourdhui la premi\u00e8re ville anglaise \u00e0 refuser de retourner les enfants \u00e0 l\u00e9cole le mois prochain, alors que le gouvernement faisait face \u00e0 une dispute croissante concernant son plan de reprise des cours. Nos retraites sont en danger, tous concern\u00e9s, La retraite par points, cest non, Le projet de r\u00e9forme doit \u00eatre abandonn\u00e9, Combattre pour ne rien perdre : tous ensemble d\u00e9fendons nos retraites Autant de slogans de FO qui signifient la d\u00e9termination des travailleurs dans la pr\u00e9paration de la gr\u00e8ve \u00e0 compter du 5 d\u00e9cembre, pour la d\u00e9fense des retraites et labandon dun projet qui remettrait en cause lensemble du syst\u00e8me de retraite et ses r\u00e9gimes.<\/p>\n","protected":false},"excerpt":{"rendered":"<p>rencontre gouvernement syndicat<\/p>\n","protected":false},"author":1,"featured_media":0,"comment_status":"closed","ping_status":"closed","sticky":false,"template":"","format":"standard","meta":{"footnotes":""},"categories":[1],"tags":[],"_links":{"self":[{"href":"http:\/\/intranet.asbl.ca\/blog\/wp-json\/wp\/v2\/posts\/2311"}],"collection":[{"href":"http:\/\/intranet.asbl.ca\/blog\/wp-json\/wp\/v2\/posts"}],"about":[{"href":"http:\/\/intranet.asbl.ca\/blog\/wp-json\/wp\/v2\/types\/post"}],"author":[{"embeddable":true,"href":"http:\/\/intranet.asbl.ca\/blog\/wp-json\/wp\/v2\/users\/1"}],"replies":[{"embeddable":true,"href":"http:\/\/intranet.asbl.ca\/blog\/wp-json\/wp\/v2\/comments?post=2311"}],"version-history":[{"count":1,"href":"http:\/\/intranet.asbl.ca\/blog\/wp-json\/wp\/v2\/posts\/2311\/revisions"}],"predecessor-version":[{"id":2312,"href":"http:\/\/intranet.asbl.ca\/blog\/wp-json\/wp\/v2\/posts\/2311\/revisions\/2312"}],"wp:attachment":[{"href":"http:\/\/intranet.asbl.ca\/blog\/wp-json\/wp\/v2\/media?parent=2311"}],"wp:term":[{"taxonomy":"category","embeddable":true,"href":"http:\/\/intranet.asbl.ca\/blog\/wp-json\/wp\/v2\/categories?post=2311"},{"taxonomy":"post_tag","embeddable":true,"href":"http:\/\/intranet.asbl.ca\/blog\/wp-json\/wp\/v2\/tags?post=2311"}],"curies":[{"name":"wp","href":"https:\/\/api.w.org\/{rel}","templated":true}]}}