{"id":2403,"date":"2020-09-23T13:37:56","date_gmt":"2020-09-23T13:37:56","guid":{"rendered":"http:\/\/intranet.asbl.ca\/blog\/?p=2403"},"modified":"2020-09-20T17:00:19","modified_gmt":"2020-09-20T17:00:19","slug":"rencontre-plouhinec-56","status":"publish","type":"post","link":"http:\/\/intranet.asbl.ca\/blog\/2020\/09\/23\/rencontre-plouhinec-56\/","title":{"rendered":"Rencontre Plouhinec 56"},"content":{"rendered":"<p>G\u00e9rer les diff\u00e9rents probl\u00e8mes rencontr\u00e9s par le personnel, sur les divers \u00e9quipements, imageries, informatiques et num\u00e9riques. Un homme sociable aime la compagnie ne fume pas ne bois pas aime les balade en moto aime les animaux. Recherche: salut je recherche une fille entre 18 et 23 ans. Une fille qui aime la moto.je suis cool. Vous souhaiteriez une \u00e9coute, un soutien personnalis\u00e9? Prochaine \u00e9tape des semaines \u00e0 venir : la recherche dun concepteur pour l\u00e9tablissement dun permis dam\u00e9nager, puis un appel \u00e0 candidatures pour constituer un groupe et se mettre au travail dans la bonne humeur! <img decoding=\"async\" src=\"http:\/\/paintball56.e-monsite.com\/medias\/album\/paintball56-theix-27-07-2014-11.jpg\" alt=\"rencontre plouhinec 56\" align=\"left\"> Et il ne manque pas de couleurs. Jy suis all\u00e9 plusieurs fois et les photos du m\u00eame endroit ne se ressemblent pas. En cliquant sur le bouton ci-dessous, vous certifiez avoir lu et accept\u00e9 du service. Votre panier sera transmis \u00e0 ces adresses. Limit\u00e9 \u00e0 10 destinataires. Belle randonn\u00e9e en sous-bois sur les communes de Qu\u00e9ven et de Gestel en suivant le cours du ruisseau Scave et de la rivi\u00e8re Scorff. <img decoding=\"async\" src=\"http:\/\/razibus.net\/flyers\/20130802-plouhinec.jpg\" alt=\"rencontre plouhinec 56\" align=\"left\">  Rencontre sp\u00e9ciale mara\u00eechage et arboriculture \u00e0 Plouhinec Sobac En partenariat avec Cl\u00e9vacances des C\u00f4tes dArmor et du Finist\u00e8re, Cl\u00e9vacances est un label national de r\u00e9f\u00e9rence, r\u00e9glement\u00e9 par une charte et grille de crit\u00e8res nationales pour certifier la qualit\u00e9 des h\u00e9bergements touristiques. Cest aussi un r\u00e9seau de proximit\u00e9 avec une visite tous les 4 ans et une validation par une commission habilit\u00e9e. Label de 1 \u00e0 5 cl\u00e9s. A Plouhinec, lactivit\u00e9 se concentre autour du port du Magou\u00ebr. Le caf\u00e9 de la Barre accueille les concerts et met lambiance. Plus calme, la plage abrite un cimeti\u00e8re marin qui vaut le d\u00e9tour. Attention, les distances sont calcul\u00e9es \u00e0 vol doiseau. Comme je suis contente davoir trouv\u00e9 ce site, il me correspond bien et i a lair s\u00e9rieux dans sa gestion, ce qui nest pas \u00e9vident. Voil\u00e0, ma recherche est un peu particuli\u00e8re, je suis Rachel, jai 41 ans et je suis s\u00e9par\u00e9e de mon mari depuis deux ans. Code de mise en relation 2695 Envie dune vraie relation, sinc\u00e8re, exclusive, complice. SAM 17h DIM 17h : Fawaz BAKER, accompagn\u00e9 de Manon COURTIN le dimanche Kerprat. Il sagit dun \u00e9difice de forme rectangulaire qui poss\u00e8de un   A la demande tout dabord du Conseil municipal des enfants de lann\u00e9e scolaire 2013-2014. Chat amiti\u00e9, amour, b\u00e9b\u00e9, flirt, mariage, rencontre, loisirs, autre Nous proposons la location dun hameau avec une jolie salle de 85M2 et lh\u00e9bergement de votre groupe jusqu\u00e0 45 personnes dans un ancien corps de ferme qui fait le charme du Morbihan, entre campagne et bord.. Achat vente location-Local de r\u00e9p\u00e9tition Les Beaux Matin Marzan 56130 Modifi\u00e9 le 070120 <img decoding=\"async\" src=\"http:\/\/www.plouhinec.com\/uploads\/images\/Gallery\/SliderHome\/visu_home_plongez2.jpg\" alt=\"rencontre plouhinec 56\" align=\"right\">.<\/p>\n","protected":false},"excerpt":{"rendered":"<p>rencontre plouhinec 56<\/p>\n","protected":false},"author":1,"featured_media":0,"comment_status":"closed","ping_status":"closed","sticky":false,"template":"","format":"standard","meta":{"footnotes":""},"categories":[1],"tags":[],"_links":{"self":[{"href":"http:\/\/intranet.asbl.ca\/blog\/wp-json\/wp\/v2\/posts\/2403"}],"collection":[{"href":"http:\/\/intranet.asbl.ca\/blog\/wp-json\/wp\/v2\/posts"}],"about":[{"href":"http:\/\/intranet.asbl.ca\/blog\/wp-json\/wp\/v2\/types\/post"}],"author":[{"embeddable":true,"href":"http:\/\/intranet.asbl.ca\/blog\/wp-json\/wp\/v2\/users\/1"}],"replies":[{"embeddable":true,"href":"http:\/\/intranet.asbl.ca\/blog\/wp-json\/wp\/v2\/comments?post=2403"}],"version-history":[{"count":1,"href":"http:\/\/intranet.asbl.ca\/blog\/wp-json\/wp\/v2\/posts\/2403\/revisions"}],"predecessor-version":[{"id":2404,"href":"http:\/\/intranet.asbl.ca\/blog\/wp-json\/wp\/v2\/posts\/2403\/revisions\/2404"}],"wp:attachment":[{"href":"http:\/\/intranet.asbl.ca\/blog\/wp-json\/wp\/v2\/media?parent=2403"}],"wp:term":[{"taxonomy":"category","embeddable":true,"href":"http:\/\/intranet.asbl.ca\/blog\/wp-json\/wp\/v2\/categories?post=2403"},{"taxonomy":"post_tag","embeddable":true,"href":"http:\/\/intranet.asbl.ca\/blog\/wp-json\/wp\/v2\/tags?post=2403"}],"curies":[{"name":"wp","href":"https:\/\/api.w.org\/{rel}","templated":true}]}}