{"id":2439,"date":"2020-09-24T17:50:24","date_gmt":"2020-09-24T17:50:24","guid":{"rendered":"http:\/\/intranet.asbl.ca\/blog\/?p=2439"},"modified":"2020-09-20T17:35:50","modified_gmt":"2020-09-20T17:35:50","slug":"rencontres-riom-es-montagnes","status":"publish","type":"post","link":"http:\/\/intranet.asbl.ca\/blog\/2020\/09\/24\/rencontres-riom-es-montagnes\/","title":{"rendered":"Rencontres Riom Es Montagnes"},"content":{"rendered":"<p>RER : Avenue du Pdt Kennedy-Maison de Radio France Dans le contexte exceptionnel li\u00e9 \u00e0 la crise sanitaire de la Covid-19 et pour limiter les difficult\u00e9s quelle fait peser sur de nombreux \u00e9tudiants, Fr\u00e9d\u00e9rique Vidal, ministre de lEnseignement sup\u00e9rieur, de la Recherche et de lInnovation, a annonc\u00e9 la prolongation des bourses sur crit\u00e8res sociaux en juillet 2020 pour les \u00e9tudiants amen\u00e9s \u00e0 passer des concours ou examens terminaux au-del\u00e0 du 30 juin. <img decoding=\"async\" src=\"http:\/\/www.strategy.footnotes.us\/wp-content\/uploads\/2018\/06\/platon-440x330.jpg\" alt=\"rencontres riom es montagnes\" align=\"right\">  Aidez-nous \u00e0 am\u00e9liorer notre site en r\u00e9pondant \u00e0 notre questionnaire. <img decoding=\"async\" src=\"http:\/\/www.koifaire.com\/upload\/2\/fiches\/21475\/album-1\/4687.jpg\" alt=\"rencontres riom es montagnes\" align=\"center\"> Le b\u00e2timent sert dh\u00f4tel de ville depuis le XIX e si\u00e8cle. Il a \u00e9t\u00e9 construit au XVI e si\u00e8cle par la famille C\u00e9riers qui a donn\u00e9 dix-sept consuls \u00e0 la ville de Riom entre 1270 et 1539 et un chancelier \u00e0 la s\u00e9n\u00e9chauss\u00e9e dAuvergne. Jean II de C\u00e9riers, p\u00e8re du b\u00e2tisseur de lh\u00f4tel, avait \u00e9t\u00e9 tr\u00e9sorier du duc de Bourbon et dAuvergne jusquau retour de la Terre dAuvergne \u00e0 la Couronne en 1523. Son fils, Amable de C\u00e9riers a \u00e9t\u00e9 un \u00e9lu du bas-pays dAuvergne entre 1521 et 1540. Il avait obtenu des lettres de r\u00e9habilitation de noblesse par en 1527. Il \u00e9tait mari\u00e9 avec Jeanne Robertet dont le fr\u00e8re Florimond Robertet a \u00e9t\u00e9 notaire et secr\u00e9taire de, et Fran\u00e7ois I er avant d\u00eatre, en 1505, un ambassadeur aupr\u00e8s de la. Les trains voyageant de Riom-es-Montagnes \u00e0 Neussargues parcourent une distance de 31 km. Le bilan sportif des deux \u00e9quipes se r\u00e9sume \u00e0 une victoire et trois d\u00e9faites. Avec pr\u00e8s de 80 de fr\u00e9quentation \u00e0 tous les entra\u00eenements, le TTPG cultive cette assiduit\u00e9 aux efforts et cette excellente ambiance. Mais des blessures sont venues contrarier les objectifs du club. Deux saisons culturelles majeures se d\u00e9roulent dans la commune : Acc\u00e8s Soirs et \u00c9clats de F\u00eate. Hautes C\u00f4tes de Beaune, Hautes C\u00f4tes de Nuits, Chablis, Mercurey, Pommard, Saint Romain, Saint Veran..  Barbu poilu bienvenu tout comme l\u00e9g\u00e8rement muscl\u00e9e poilu bear Daddy Indiquez \u00e9galement vos disponibilit\u00e9s si vous souhaitez organiser une rencontre pr\u00e9alable. Je cherche discutions et RDV sexe \u00e0 Riom-\u00e8s-Montagnes ou pas trop loin. La vie est belle femme c\u00e9libataire de 34 ans cherche homme pour rencontre s\u00e9rieuse Riom-\u00e8s-Montagnes. Un nouveau type de tournoi pour les bridgeurs. Fondatrice du club de bridge \u00e0 Saint-Amandin en 1994, Monique Flagel la.. Le centre commercial Riom-Sud sur la commune de avec,, Roady, etc. ; Les ateliers de mise en pratique se d\u00e9rouleront sous la direction dun animateur-leader dans chaque discipline avec le soutien dintervenants professionnels. La coordination de lam\u00e9nagement de la place sera assur\u00e9e par Marc F\u00e9raud, paysagiste professionnel. Une \u00e9quipe de jeunes \u00e9tudiants en architecture dorigine slovaque sera pr\u00e9sente pour encadrer les participants. <img decoding=\"async\" src=\"http:\/\/idata.over-blog.com\/3\/99\/22\/02\/2012\/2012-08\/2012-08-0311-copie.JPG\" alt=\"rencontres riom es montagnes\" align=\"left\"> Trouver une fille en France-15 Cantal-15400 Riom es montagnes Cherche rencontre femme c\u00e9libataire de 61 ans cherche rencontre amicale  Due to security risks and a lack of support for web standards this website does not support IE6. Internet Explorer 6 was released in 2001 and it does not display modern web sites properly. Please upgrade to a newer browser to fully enjoy this site and the rest of the web. After you update, please come back and you will be able to view our site. La population de la commune est relativement moyennement \u00e2g\u00e9e. Le taux de personnes dun \u00e2ge sup\u00e9rieur \u00e0 soixante ans 26 est sup\u00e9rieur au taux national 24 mais inf\u00e9rieur au taux d\u00e9partemental 26,2. On peut discuter? femme c\u00e9libataire de 59 ans cherche homme pour rencontre s\u00e9rieuse Int\u00e9r\u00eats communs : Cuisine, Restaurant, Films Vid\u00e9os, Musique et concerts, Jeux de soci\u00e8t\u00e9 Vous pouvez oublier les longues heures sur la route \u00e0 \u00e9cumer les tr\u00e9fonds dun immense secteur.<\/p>\n","protected":false},"excerpt":{"rendered":"<p>rencontres riom es montagnes<\/p>\n","protected":false},"author":1,"featured_media":0,"comment_status":"closed","ping_status":"closed","sticky":false,"template":"","format":"standard","meta":{"footnotes":""},"categories":[1],"tags":[],"_links":{"self":[{"href":"http:\/\/intranet.asbl.ca\/blog\/wp-json\/wp\/v2\/posts\/2439"}],"collection":[{"href":"http:\/\/intranet.asbl.ca\/blog\/wp-json\/wp\/v2\/posts"}],"about":[{"href":"http:\/\/intranet.asbl.ca\/blog\/wp-json\/wp\/v2\/types\/post"}],"author":[{"embeddable":true,"href":"http:\/\/intranet.asbl.ca\/blog\/wp-json\/wp\/v2\/users\/1"}],"replies":[{"embeddable":true,"href":"http:\/\/intranet.asbl.ca\/blog\/wp-json\/wp\/v2\/comments?post=2439"}],"version-history":[{"count":1,"href":"http:\/\/intranet.asbl.ca\/blog\/wp-json\/wp\/v2\/posts\/2439\/revisions"}],"predecessor-version":[{"id":2440,"href":"http:\/\/intranet.asbl.ca\/blog\/wp-json\/wp\/v2\/posts\/2439\/revisions\/2440"}],"wp:attachment":[{"href":"http:\/\/intranet.asbl.ca\/blog\/wp-json\/wp\/v2\/media?parent=2439"}],"wp:term":[{"taxonomy":"category","embeddable":true,"href":"http:\/\/intranet.asbl.ca\/blog\/wp-json\/wp\/v2\/categories?post=2439"},{"taxonomy":"post_tag","embeddable":true,"href":"http:\/\/intranet.asbl.ca\/blog\/wp-json\/wp\/v2\/tags?post=2439"}],"curies":[{"name":"wp","href":"https:\/\/api.w.org\/{rel}","templated":true}]}}