{"id":2443,"date":"2020-09-24T08:58:31","date_gmt":"2020-09-24T08:58:31","guid":{"rendered":"http:\/\/intranet.asbl.ca\/blog\/?p=2443"},"modified":"2020-09-20T17:46:32","modified_gmt":"2020-09-20T17:46:32","slug":"union-rencontre-catholique","status":"publish","type":"post","link":"http:\/\/intranet.asbl.ca\/blog\/2020\/09\/24\/union-rencontre-catholique\/","title":{"rendered":"Union Rencontre Catholique"},"content":{"rendered":"<p>Vous aimez votre campus et souhaitez partager un souvenir avec nous? Postez votre photo en nous mentionnant. Nous la republierons. Aujourdhui, nous partageons cette photo ilcfparis prise dans le jardin des Carmes. Regramduvendredi repost regram ilcfparis students etudiants international friendship campus university faculty paris france Combien aujourdhui il faut \u00eatre fier de notre devise Fidem Servavi. Le charisme de la SSVP sexprime et sauthentifie parmi les pauvres et les marginaux et en contribuant \u00e0 la promotion du fr\u00e8re qui souffre, \u00e0 la lumi\u00e8re du message \u00e9vang\u00e9lique et du double h\u00e9ritage de saint Vincent de Paul et de Fr\u00e9d\u00e9ric Ozanam. Lassociation participe \u00e0 laction caritative de l\u00c9glise, en privil\u00e9giant le rapport personnel dans le service des plus n\u00e9cessiteux; elle alimente le sens de responsabilit\u00e9 des la\u00efcs, en encourageant la collaboration adresser personnellement une plainte ou une r\u00e9clamation \u00e9crite \u00e0 la direction de l\u00e9tablissement, Catherine Cl\u00e9mentin-Ojha,, Paris, Albin Michel, 2008, 298 p. Dans cette nouvelle p\u00e9riode de d\u00e9confinement, sans limitation de d\u00e9placement, nous souhaitons \u00e0 tous de pouvoir retrouver vos familles, vos proches et vos amis. Il faut n\u00e9anmoins toujours penser \u00e0 se prot\u00e9ger et donc prot\u00e9ger les autres en restant prudent. Prenons toujours le temps dadresser un appel t\u00e9l\u00e9phonique, un courrier \u00e0 une personne seule, \u00e0 une amie.. Pensons aussi \u00e0 continuer \u00e0 t\u00e9moigner de la consid\u00e9ration envers lensemble des personnels m\u00e9dicaux et hospitaliers et \u00e0 tous ceux qui facilitent notre vie. Que nos pri\u00e8res les accompagnent ainsi que nos coll\u00e8gues et amis cheminots dans leur mission quotidienne. Mod\u00e9ration G\u00e9n\u00e9rale de la Communaut\u00e9 des B\u00e9atitudes Dr Alain GRAFFEILLE : M\u00e9decin, M\u00e9diateur m\u00e9dical suppl\u00e9ant  La Congr\u00e9gation des Oblates de lAssomption recrute un Chef d\u00c9tablissement 1 er degr\u00e9 pour un \u00e9tablissement int\u00e9gr\u00e9 \u00e0 un ensemble scolaire, LInstitution de Sacr\u00e9-C\u0153ur, compos\u00e9 dune \u00c9cole, dun Coll\u00e8ge et dun Lyc\u00e9e, situ\u00e9 \u00e0 La Ville-du-Bois dans le d\u00e9partement francilien de lEssonne. Les trois unit\u00e9s p\u00e9dagogiques sont rassembl\u00e9es sur un parc de 17ha. Dautres sont remari\u00e9s civilement depuis longtemps, ont des enfants ensemble, et, par exemple, au moment de la premi\u00e8re communion de lun deux, voudraient bien laccompagner. Cela peut \u00eatre aussi des personnes qui, apr\u00e8s un divorce difficile, souhaitent clarifier ce qui sest pass\u00e9. Ou encore des gens dun certain \u00e2ge, ayant men\u00e9 des vies compliqu\u00e9es, qui veulent se mettre au propre avant de partir. Pour eux, le mariage est indissoluble, mais la mis\u00e9ricorde de Dieu prime  LAssociation Tuus Totus est conduite par un Pr\u00e9sident g\u00e9n\u00e9ral et par un Vice-Pr\u00e9sident g\u00e9n\u00e9ral et il est possible dy appartenir comme membres agr\u00e9g\u00e9s et comme membres unis. Sont membres agr\u00e9g\u00e9s les associations, les congr\u00e9gations religieuses ou les uvres d\u00c9glise et les personnes qui adh\u00e8rent pleinement \u00e0 La p\u00e9riode 1572-1620 fut avant tout marqu\u00e9e par la confusion, surtout jusque vers 1600. Les catholiques \u00e9taient nombreux et suspect\u00e9s d\u00eatre des ennemis de lint\u00e9rieur ; mais il ne pouvaient pas \u00eatre \u00e9limin\u00e9s malgr\u00e9 les appels de l\u00c9glise r\u00e9form\u00e9e en ce sens, car une mesure aussi violente aurait mis en danger le nouvel \u00c9tat, toujours en guerre contre la Monarchie espagnole. Lapplication des placards, laiss\u00e9e \u00e0 larbitraire des autorit\u00e9s locales, se d\u00e9clinait de la pers\u00e9cution la plus acharn\u00e9e \u00e0 des mesures de harc\u00e8lement moins f\u00e9roces. Apparut alors la pratique de la redevance recognition money que les pr\u00eatres et les congr\u00e9gations catholiques payaient chaque ann\u00e9e aux autorit\u00e9s locales afin quelles ferment les yeux sur leurs r\u00e9unions clandestines. Le montant d\u00e9pendait du bailli local et devait \u00eatre ren\u00e9goci\u00e9 si lun des partenaires changeait. Cet argent achetait linvisibilit\u00e9 des catholiques, exig\u00e9e par les placards mais jamais totalement r\u00e9alis\u00e9e, car les catholiques, loin de baisser les bras, resserr\u00e8rent les rangs pour assurer leur survie et m\u00eame leur expansion. La rivalit\u00e9 pour les \u00e2mes Nous avons donc pris la d\u00e9cision, en plein accord avec les autorit\u00e9s pr\u00e9fectorales et sanitaires, de rouvrir le sanctuaire le samedi 16 mai. Les p\u00e8lerins seront accueillis aux diff\u00e9rentes portes et devront porter un masque ; ils seront encadr\u00e9s pour que les mesures barri\u00e8re soient bien respect\u00e9es.. Ils pourront remplir des bidons deau sans contact avec les fontaines et d\u00e9poser un cierge \u00e0 la chapelle des lumi\u00e8res. Les piscines restent ferm\u00e9es jusqu\u00e0 nouvel ordre. Un monde o\u00f9 la qualit\u00e9 des annonces chr\u00e9tiennes et le respect de la tranquilit\u00e9 des membres est une priorit\u00e9. <img decoding=\"async\" src=\"http:\/\/p.calameoassets.com\/140227131055-9217f350eec1661fb1b4a150b7f5d608\/p1.jpg\" alt=\"union rencontre catholique\" align=\"center\"> La nuit dadoration annuelle au Sacr\u00e9 C\u0153ur de Montmartre, a \u00e9t\u00e9 organis\u00e9e par lUCCF, dans la nuit du mercredi 27 mai au jeudi 28 mai! Voici la carte localisant les adorateurs inscrits \u00e0 travers la France et nos r\u00e9gions. Nous esp\u00e9rons que vous avez \u00e9t\u00e9 nombreux \u00e0 vous unir \u00e0 eux pour ce moment de pri\u00e8re afin davoir fait de cette nuit une magnifique communion, et avoir confier aux s\u0153urs b\u00e9n\u00e9dictines vos intentions de pri\u00e8re. Plus encore, la plupart des familles \u00e9taient multiconfessionnelles, surtout jusquau milieu du 17e si\u00e8cle, et les mariages mixtes \u00e9taient bien plus fr\u00e9quents quils ne le furent au 18e. Aucune barri\u00e8re juridique ne les emp\u00eachait, une ordonnance des \u00c9tats de Hollande ayant autoris\u00e9, en 1581, le mariage en pr\u00e9sence dun magistrat municipal et non dun ministre du culte. Certes, les parents des jeunes gens, les pasteurs et les pr\u00eatres ne voyaient pas ces unions dun bon \u0153il en raison du risque de d\u00e9sertion quelles comportaient les femmes \u00e9tant consid\u00e9r\u00e9es comme plus vuln\u00e9rables aux pressions pros\u00e9lytes car leurs \u00e9poux pouvaient leur interdire dassister aux offices r\u00e9form\u00e9s ou les forcer \u00e0 participer aux r\u00e9unions papistes. Cependant les moyens coercitifs restaient limit\u00e9s : les consistoires ne pouvaient quencourager la s\u00e9paration des couples quand linfluence du conjoint catholique devenait trop pesante. Ici encore, les documents darchives conservent la trace des conflits, alors que dans la plupart des cas, estime Ch. Kooi, les diff\u00e9rences confessionnelles saplanissaient devant les devoirs familiaux, consid\u00e9r\u00e9s comme plus importants. Macron veut r\u00e9parer le lien entre lEglise catholique et lEtat Moi cest Michael benYesu, jai 27 ans. Je souhaite rentrer en contact avec une jeune fille chr\u00e9tienne entre 20-27 ans, naturelle, propre, respectueuse pour amiti\u00e9 voir mariage si possible. Je suis calme, simple, attentionn\u00e9 La Catholic Fraternity regroupe des communaut\u00e9s charismatiques catholiques et tend \u00e0 sidentifier \u00e0 la mission salvifique de l\u00c9glise, en communion avec le Pontife Romain. Cette finalit\u00e9 est poursuivie en encourageant les communaut\u00e9s membres \u00e0 demeurer fid\u00e8les aux charismes qui leur ont \u00e9t\u00e9 donn\u00e9s par lEsprit pour \u00e9difier et r\u00e9nover le Corps du Christ et en les aidant \u00e0 approfondir la conscience de leur appartenance \u00e0 l\u00c9glise catholique; en garantissant leur pleine adh\u00e9sion \u00e0 la doctrine et au magist\u00e8re de l\u00c9glise, sp\u00e9cialement en ce qui concerne leccl\u00e9siologie, le caract\u00e8re central des sacrements et la d\u00e9votion \u00e0 la Vierge et aux saints; en organisant des initiatives et des programmes d\u00e9vang\u00e9lisation; en collaborant avec dautres communaut\u00e9s et mouvements eccl\u00e9siaux; en uvrant pour un cum\u00e9nisme authentique, en harmonie avec les orientations de l\u00c9glise catholique. Prot\u00e9geons nous ET restons engag\u00e9s dans la mobilisation collective <img decoding=\"async\" src=\"http:\/\/www.interreligieux.ch\/wp-content\/uploads\/2017\/01\/gira.jpg\" alt=\"union rencontre catholique\" align=\"center\"> La sauvegarde de justice : cette mesure laisse \u00e0 la personne la possibilit\u00e9 dagir en son nom, mais la loi veille \u00e0 ce que ses actes ne causent pas de pr\u00e9judices en les rendant facilement annulables. UNAFAM 41-Union Nationale des Familles et Amis des personnes Malades etou handicap\u00e9s psychiques  Je suis un jeune homme africain battant et tr\u00e8s croyant \u00e2g\u00e9 de 32 ans,croyant en lamour cherche pour relation durable voir mariage une fille de nationalit\u00e9 europ\u00e9enne ou m\u00e9tisse catholique \u00e2g\u00e9 de 18 \u00e0 30 ans <img decoding=\"async\" src=\"http:\/\/www.ugsel.org\/wp-content\/uploads\/2018\/02\/DIABETE-EPS-A4-6PAGES-WEB_Page_1.jpg\" alt=\"union rencontre catholique\" align=\"left\">.<\/p>\n","protected":false},"excerpt":{"rendered":"<p>union rencontre catholique<\/p>\n","protected":false},"author":1,"featured_media":0,"comment_status":"closed","ping_status":"closed","sticky":false,"template":"","format":"standard","meta":{"footnotes":""},"categories":[1],"tags":[],"_links":{"self":[{"href":"http:\/\/intranet.asbl.ca\/blog\/wp-json\/wp\/v2\/posts\/2443"}],"collection":[{"href":"http:\/\/intranet.asbl.ca\/blog\/wp-json\/wp\/v2\/posts"}],"about":[{"href":"http:\/\/intranet.asbl.ca\/blog\/wp-json\/wp\/v2\/types\/post"}],"author":[{"embeddable":true,"href":"http:\/\/intranet.asbl.ca\/blog\/wp-json\/wp\/v2\/users\/1"}],"replies":[{"embeddable":true,"href":"http:\/\/intranet.asbl.ca\/blog\/wp-json\/wp\/v2\/comments?post=2443"}],"version-history":[{"count":1,"href":"http:\/\/intranet.asbl.ca\/blog\/wp-json\/wp\/v2\/posts\/2443\/revisions"}],"predecessor-version":[{"id":2444,"href":"http:\/\/intranet.asbl.ca\/blog\/wp-json\/wp\/v2\/posts\/2443\/revisions\/2444"}],"wp:attachment":[{"href":"http:\/\/intranet.asbl.ca\/blog\/wp-json\/wp\/v2\/media?parent=2443"}],"wp:term":[{"taxonomy":"category","embeddable":true,"href":"http:\/\/intranet.asbl.ca\/blog\/wp-json\/wp\/v2\/categories?post=2443"},{"taxonomy":"post_tag","embeddable":true,"href":"http:\/\/intranet.asbl.ca\/blog\/wp-json\/wp\/v2\/tags?post=2443"}],"curies":[{"name":"wp","href":"https:\/\/api.w.org\/{rel}","templated":true}]}}