{"id":2457,"date":"2020-09-24T17:58:48","date_gmt":"2020-09-24T17:58:48","guid":{"rendered":"http:\/\/intranet.asbl.ca\/blog\/?p=2457"},"modified":"2020-09-20T18:15:24","modified_gmt":"2020-09-20T18:15:24","slug":"poeme-sur-les-nouvelles-rencontres","status":"publish","type":"post","link":"http:\/\/intranet.asbl.ca\/blog\/2020\/09\/24\/poeme-sur-les-nouvelles-rencontres\/","title":{"rendered":"Poeme Sur Les Nouvelles Rencontres"},"content":{"rendered":"<p>Toutes nos pens\u00e9es vers vous sont tourn\u00e9es pour vous apporter un peu de r\u00e9confort dans l\u00e9preuve que vous vivez. Sachez que dans le deuil vous n\u00eates pas seuls puisque vous pouvez compter sur notre sinc\u00e8re amiti\u00e9. Veuillez accepter nos plus sinc\u00e8res condol\u00e9ances. <img decoding=\"async\" src=\"http:\/\/www.lafederationdescafeslibrairiesbretagne.fr\/wp-content\/uploads\/2018\/04\/amandine-Dh%C3%A9e-couv-La-Femme-brouillon-213x300.jpg\" alt=\"poeme sur les nouvelles rencontres\" align=\"right\"> Les chr\u00e9tiens sont encore en s\u00e9curit\u00e9 en Indon\u00e9sie Condamn\u00e9 \u00e0 6 mois de prisons avec sursis, le cardinal Barbarin va pr\u00e9senter sa d\u00e9mission au Saint-P\u00e8re Corela cognition, repr\u00e9sentation, langage est mis \u00e0 disposition selon les termes de la. Mois de Marie : Jour 14, les Myst\u00e8res Lumineux Les noces de Cana Le p\u00e8re Yves Combeau : Une \u00e9glise cosmopolite, peupl\u00e9e \u00e0 toute heure du jour  Les p\u00e8lerins du monde entier convergent vers Panama City apr\u00e8s v\u00e9cu des temps en dioc\u00e8se dans des paroisses panam\u00e9ennes. Il faut dire que le Pape Fran\u00e7ois arrivera ce mercredi 23 janvier \u00e0 Panama,,,,,,,,,,,,,,,,,,,,,,,,,,,,,,,,,,,,,,,,,,,,,,,,,, Jean Fautrier, mati\u00e8re et Lumi\u00e8re au Mus\u00e9e dArt Moderne-La premi\u00e8re des s\u00e9parations que nous devons affronter, sera une des aventures les plus extraordinaires de notre vie : sortir du ventre, se s\u00e9parer de sa g\u00e9nitrice, qui va devenir ainsi dans le meilleur des cas une maman et une m\u00e8re. En toute libert\u00e9 dexpression vous pouvez laisser une trace de votre passage sur ce livre et nous vous en remercions. Mois de Marie, Jour 28 : Les Myst\u00e8res Lumineux La C\u00e8ne merci \u00e0 vous mes amis Post\u00c3 le : 2802 21:02:11-Par : nada Martine Br\u00fbl\u00e9 vous pr\u00e9sente son site Po\u00e9sie en Libert\u00e9 \u00e0 d\u00e9couvrir, \u00e0 feuilleter, \u00e0 partager. Il sagit dun recueil de textes po\u00e9tiques qui sommeillaient en moi depuis quelques ann\u00e9es d\u00e9j\u00e0. Le site pr\u00e9sente \u00e9galement quelques \u00e9crits que jai pu r\u00e9diger lors.. La Basilique de la Nativit\u00e9, situ\u00e9e \u00e0 Bethl\u00e9em, est un haut lieu de p\u00e8lerinage. Cest \u00e0 cet endroit que la face de notre monde a chang\u00e9. Le pape Fran\u00e7ois accepte la d\u00e9mission du Cardinal Barbarin Le Collectif des Associations Unies salue les efforts d\u00e9j\u00e0 entam\u00e9s en faveur des personnes sans-abri pendant le confinement et appelle les pouvoirs publics \u00e0 poursuivre la lutte contre le mal-logement sur le long terme.  <img decoding=\"async\" src=\"http:\/\/lepedaloivre.fr\/upload\/fievre_couverturepetit.jpg\" alt=\"poeme sur les nouvelles rencontres\" align=\"center\">  Le, Gautier rencontre celui qui allait devenir son ma\u00eetre en litt\u00e9rature, auquel le pr\u00e9sentent G\u00e9rard et. Cet \u00e9v\u00e8nement pr\u00e9cipite sa carri\u00e8re d\u00e9crivain. Le, il participe \u00e0 la fameuse, v\u00eatu dun gilet rouge qui marquera durablement les esprits. Le soir m\u00eame, cet acharn\u00e9 quitte latelier de Rioult. Pour rire? S\u00e9cria loncle. Ce serait encore pire! Je pr\u00e9f\u00e8re croire quil na pas bien compris ma question. <img decoding=\"async\" src=\"http:\/\/img.over-blog-kiwi.com\/1020x765\/1\/39\/12\/50\/20180708\/ob_3f6d72_dscn1396.JPG\" alt=\"poeme sur les nouvelles rencontres\" align=\"right\"> Lourdes, premier jour dAssembl\u00e9e pl\u00e9ni\u00e8re des \u00e9v\u00eaques. Bio\u00e9thique, immigration, synode sur les jeunes, lutte contre la p\u00e9dophilie : dans son discours douverture, le pr\u00e9sident de la CEF, Mgr Georges Pontier, a rappel\u00e9 les axes de r\u00e9flexion prioritaires. Gilbert, continue de nous adresser ton sourire et tes clins d\u0153il depuis l\u00e0-haut. Ton souvenir restera toujours parmi nous, Ya\u00efr et Isabel Les personnes toujours accompagn\u00e9es de leurs deux petits shi-tzu \u00c9lu en 1862 pr\u00e9sident de la, il est entour\u00e9 dun comit\u00e9 compos\u00e9 des peintres les plus prestigieux :,, et. Cette \u00e9lection \u00e0 un poste en vue provoque lenvie dune partie des litt\u00e9rateurs moins connus et il \u00e9choue \u00e0 \u00eatre admis \u00e0 l, malgr\u00e9 quatre candidatures en, et.<\/p>\n","protected":false},"excerpt":{"rendered":"<p>poeme sur les nouvelles rencontres<\/p>\n","protected":false},"author":1,"featured_media":0,"comment_status":"closed","ping_status":"closed","sticky":false,"template":"","format":"standard","meta":{"footnotes":""},"categories":[1],"tags":[],"_links":{"self":[{"href":"http:\/\/intranet.asbl.ca\/blog\/wp-json\/wp\/v2\/posts\/2457"}],"collection":[{"href":"http:\/\/intranet.asbl.ca\/blog\/wp-json\/wp\/v2\/posts"}],"about":[{"href":"http:\/\/intranet.asbl.ca\/blog\/wp-json\/wp\/v2\/types\/post"}],"author":[{"embeddable":true,"href":"http:\/\/intranet.asbl.ca\/blog\/wp-json\/wp\/v2\/users\/1"}],"replies":[{"embeddable":true,"href":"http:\/\/intranet.asbl.ca\/blog\/wp-json\/wp\/v2\/comments?post=2457"}],"version-history":[{"count":1,"href":"http:\/\/intranet.asbl.ca\/blog\/wp-json\/wp\/v2\/posts\/2457\/revisions"}],"predecessor-version":[{"id":2458,"href":"http:\/\/intranet.asbl.ca\/blog\/wp-json\/wp\/v2\/posts\/2457\/revisions\/2458"}],"wp:attachment":[{"href":"http:\/\/intranet.asbl.ca\/blog\/wp-json\/wp\/v2\/media?parent=2457"}],"wp:term":[{"taxonomy":"category","embeddable":true,"href":"http:\/\/intranet.asbl.ca\/blog\/wp-json\/wp\/v2\/categories?post=2457"},{"taxonomy":"post_tag","embeddable":true,"href":"http:\/\/intranet.asbl.ca\/blog\/wp-json\/wp\/v2\/tags?post=2457"}],"curies":[{"name":"wp","href":"https:\/\/api.w.org\/{rel}","templated":true}]}}