{"id":2483,"date":"2020-09-24T10:07:13","date_gmt":"2020-09-24T10:07:13","guid":{"rendered":"http:\/\/intranet.asbl.ca\/blog\/?p=2483"},"modified":"2020-09-20T18:40:29","modified_gmt":"2020-09-20T18:40:29","slug":"rencontre-meisenthal","status":"publish","type":"post","link":"http:\/\/intranet.asbl.ca\/blog\/2020\/09\/24\/rencontre-meisenthal\/","title":{"rendered":"Rencontre Meisenthal"},"content":{"rendered":"<p>Quelques photos et vid\u00e9os des verreries o\u00f9 je me suis rendue: 26-02-2013-L\u00e2me humaine a des fourmis dans les jambes Enfants et parents, suivez le guide et d\u00e9couvrez le site de fa\u00e7on ludique, en famille, \u00e0 travers les expositions de saison et la rencontre avec les verriers. Le go\u00fbter est offert lun. 1307 au mer. 1208 Agenda-Conf\u00e9rences, Rencontres-enfant Centre International dArt Verrier Meisenthal 57960 Une participation aux activit\u00e9s de lassociation serait un atout afin d\u00eatre immerg\u00e9 au sein de lactivit\u00e9 dune structure culturelle et dapporter un nouveau regard sur le fonctionnement de la structure. En exclusivit\u00e9, d\u00e9couvrez les fameuses Boules de No\u00ebl de Meisenthal Cet \u00e9v\u00e8nement est termin\u00e9, il sest d\u00e9roul\u00e9 Samedi 25 et dimanche 26 mai 2019 <img decoding=\"async\" src=\"http:\/\/www.lorrainemag.com\/wp-content\/uploads\/2016\/12\/04-Boules-de-noA%CC%83%C2%ABl-de-Meisenthal-A%CC%82%C2%A9-Guy-Rebmeister_CIAV-2.jpg\" alt=\"rencontre meisenthal\" align=\"right\"> la visite est tr\u00e8s sympathique, dans la foul\u00e9e du mus\u00e9e saint louis. Le guide est particuli\u00e8rement passionn\u00e9 et donne une approche diff\u00e9rente sur Emile GALLE en particulier. Lexposition \u00e0 l\u00e9tage vaut le d\u00e9tour quand on aime le cristal et lart verrier. Le projet koug a pour enjeu de lier tradition et innovation en imaginant une relecture contemporaine du kougelopf et de son moule. Ce projet, inscrit dans le cadre du Parcours du Design 2007, a \u00e9t\u00e9 r\u00e9alis\u00e9 avec le concours de la r\u00e9gion Alsace. R\u00e9alisation de tables de pique-nique sur les sentiers, guide p\u00e9dagogique de d\u00e9couverte artistique et culturelle sur smartphone Sorry, you have been blocked You are unable to access lemoniteur.fr  Du 1er avril au 31 octobre, ouvert tous les jours de 14h \u00e0 18h sauf le mardi. <img decoding=\"async\" src=\"http:\/\/p9.storage.canalblog.com\/97\/86\/1129724\/93860436_o.jpg\" alt=\"rencontre meisenthal\" align=\"left\"> 22-10-2010-OCTOBRE VERRE-FORUM SOCIAL LOCAL ET RURAL Tarifs : individuel plein 6 individuel r\u00e9duit 3-18 ans, \u00e9tudiants D\u00e9couvrez cette ann\u00e9e, la boule Rotor imagin\u00e9e par les designers Hell\u00e8ne Gaulier et Gwenol\u00e9 Gasnier Agence GG! Une boule de No\u00ebl  <img decoding=\"async\" src=\"http:\/\/ciav-meisenthal.fr\/thumbnails\/WebpagePhoto\/520\/1500-\/544914f456962.jpg\" alt=\"rencontre meisenthal\" align=\"center\"> R\u00e9union statutaire avec conjoints le Lundi, 2 d\u00e9cembre 2019 \u00e0 12 h 30 \u00e0 lH\u00f4tel Hilton \u00e0 Strasbourg. Tout semble commencer comme une l\u00e9gende. En 1858, les Vosges du Nord subissent une terrible s\u00e9cheresse privant les enfants du traditionnel sapin de No\u00ebl. Nous utilisons des cookies pour fournir certaines fonctionnalit\u00e9s et suivre les statistiques daudience anonymement. Si vous continuez \u00e0 naviguer sur notre site ou que vous cliquez sur Jaccepte ci-contre, nous consid\u00e9rerons que vous acceptez lutilisation des cookies. Patrick Villiers, professeur honoraire, Universit\u00e9 de Boulogne-sur-Mer -installation et d\u00e9sinstallation d\u0153uvre dart lors des expositions assistance technique aux compagnies de th\u00e9\u00e2tre en r\u00e9sidence.<\/p>\n","protected":false},"excerpt":{"rendered":"<p>rencontre meisenthal<\/p>\n","protected":false},"author":1,"featured_media":0,"comment_status":"closed","ping_status":"closed","sticky":false,"template":"","format":"standard","meta":{"footnotes":""},"categories":[1],"tags":[],"_links":{"self":[{"href":"http:\/\/intranet.asbl.ca\/blog\/wp-json\/wp\/v2\/posts\/2483"}],"collection":[{"href":"http:\/\/intranet.asbl.ca\/blog\/wp-json\/wp\/v2\/posts"}],"about":[{"href":"http:\/\/intranet.asbl.ca\/blog\/wp-json\/wp\/v2\/types\/post"}],"author":[{"embeddable":true,"href":"http:\/\/intranet.asbl.ca\/blog\/wp-json\/wp\/v2\/users\/1"}],"replies":[{"embeddable":true,"href":"http:\/\/intranet.asbl.ca\/blog\/wp-json\/wp\/v2\/comments?post=2483"}],"version-history":[{"count":1,"href":"http:\/\/intranet.asbl.ca\/blog\/wp-json\/wp\/v2\/posts\/2483\/revisions"}],"predecessor-version":[{"id":2484,"href":"http:\/\/intranet.asbl.ca\/blog\/wp-json\/wp\/v2\/posts\/2483\/revisions\/2484"}],"wp:attachment":[{"href":"http:\/\/intranet.asbl.ca\/blog\/wp-json\/wp\/v2\/media?parent=2483"}],"wp:term":[{"taxonomy":"category","embeddable":true,"href":"http:\/\/intranet.asbl.ca\/blog\/wp-json\/wp\/v2\/categories?post=2483"},{"taxonomy":"post_tag","embeddable":true,"href":"http:\/\/intranet.asbl.ca\/blog\/wp-json\/wp\/v2\/tags?post=2483"}],"curies":[{"name":"wp","href":"https:\/\/api.w.org\/{rel}","templated":true}]}}