{"id":2511,"date":"2020-09-24T23:30:48","date_gmt":"2020-09-24T23:30:48","guid":{"rendered":"http:\/\/intranet.asbl.ca\/blog\/?p=2511"},"modified":"2020-09-20T19:31:47","modified_gmt":"2020-09-20T19:31:47","slug":"rencontres-de-st-gall-2010","status":"publish","type":"post","link":"http:\/\/intranet.asbl.ca\/blog\/2020\/09\/24\/rencontres-de-st-gall-2010\/","title":{"rendered":"Rencontres De St Gall 2010"},"content":{"rendered":"<p>Jean-Pierre Devroey universit\u00e9 libre de Bruxelles La nouvelle composition du pr\u00e9sidium engendre les changements suivants dans la r\u00e9partition des secteurs et dicast\u00e8res de la CES \u00e0 partir du 1 er janvier 2019: \u0391\u03bd\u03b4\u03c1\u03b9\u03ba\u03ae \u03b2\u03b5\u03c1\u03bc\u03bf\u03cd\u03b4\u03b1 Republic REM200-3116-1-\u039c\u03c0\u03ad\u03b6-34 with size have a stock of 1.0000  \u0391\u03bd\u03b4\u03c1\u03b9\u03ba\u03ae \u03b2\u03b5\u03c1\u03bc\u03bf\u03cd\u03b4\u03b1 Camaro 18001-752-24-\u039c\u03c0\u03ad\u03b6-36 with size 36 have a stock of 1.0000 Le 14 f\u00e9vrier 2014, s\u00e9minaire du resp. CRBC-Brest : Nelly Blanchard et Mannaig Thomas S\u00e9minaire Bretagne Ethnologie : Lethnologie du proche \u00e0 l\u00e9preuve de la d\u00e9marche \u00e9rudite EHRHART Christophe, LLORCA Matthieu. The sustainability of the external debt: evidence from a panel of seven South-Mediterranean countries. Communication aux 2es journ\u00e9es du d\u00e9veloppement du Groupement de Recherches Economiques et Sociales GRES : Quel financement pour quel d\u00e9veloppement, Bordeaux, 23-24 novembre 2006. \u0395\u03bd\u03c4\u03b1\u03c4\u03b9\u03ba\u03b7 \u03b1\u03bb\u03bb\u03b7\u03bb\u03b5\u03c0\u03b9\u03b4\u03c1\u03b1\u03c3\u03b7 \u03c3\u03b5\u03bc\u03b9\u03bd\u03b1\u03c1\u03b9\u03bf \u039a\u03b1\u03bd\u03bf\u03bd\u03b9\u03ba\u03ae \u03a4\u03b9\u03bc\u03ae: \u03b2\u03c1\u03b1\u03c3\u03b9\u03bc\u03bf \u03c7\u03bf\u03c1\u03c4\u03c9\u03bd \u03c0\u03bf\u03c3\u03b7 \u03c9\u03c1\u03b1 En 1988, de nouvelles soci\u00e9t\u00e9s de distribution sont cr\u00e9\u00e9es outremer : SIGVARIS Inc. \u00c0 Bradford, Connecticut, \u00c9tats-Unis, et SIGVARIS Corp. \u00c0 Saint-Laurent, Qu\u00e9bec, Canada. Parlons de l\u00e9quipe de Suisse. Que pensez-vous de votre r\u00f4le au sein de la s\u00e9lection?Je crois que le fait que jaie d\u00e9j\u00e0 derri\u00e8re moi un grand nombre de matches et une certaine exp\u00e9rience au niveau international est tr\u00e8s important. Cest un plus que jaimerais faire partager \u00e0 lensemble de l\u00e9quipe. Mes derniers matches \u00e9taient certes des prestations acceptables, mais il faudrait que je me montre plus dangereux devant le but. Jy travaille. Bien s\u00fbr, conserver ma place de titulaire fait \u00e9galement partie de mes objectifs. <img decoding=\"async\" src=\"http:\/\/www.scielo.org.co\/img\/revistas\/adter\/n25\/n25a3t5.jpg\" alt=\"rencontres de st gall 2010\" align=\"center\">-Mgr Markus B\u00fcchel \u00e9v\u00eaque de St-Gall, vice-pr\u00e9sident  Ce que lacad\u00e9micien, de lAcad\u00e9mie fran\u00e7aise, souhaite dire aux Chinois.. Et \u00e0 nous aussi! Bulletin annuel faisant le point des recherches des m\u00e9di\u00e9vistes arch\u00e9ologues, historiens et historiens de lart dArtehis et du Cem <img decoding=\"async\" src=\"http:\/\/www.worldfoodsystem.ethz.ch\/news\/wfsc-news\/2018\/04\/students-at-fao\/_jcr_content\/imageSmall.imageformat.contentteaser.488051633.jpg\" alt=\"rencontres de st gall 2010\" align=\"center\">  BERTHOMIEU Claude, TYKHONENKO Anna. Macroeconomic Implications of Remittances in MENA and Mediterranean Countries. Communication \u00e0 la Conf\u00e9rence Internationale de MEEA Middle East Economic Association organis\u00e9e dans le cadre de ASSA Allied Social Sience association, San Francisco, 2-5 janvier 2009. BERTHOMIEU Claude, SHAJARI Parastoo. Adjustment with Growth: Application of the IMF and World Bank Integrated Model to Estimate Some MENA Countries Macroeconomic Performance. Communication : 8th International Conference of The Middle East Economic Association MEEA, Nice France et Monte-Carlo Monaco, 18-20 mars 2009. 22 kms: 1er Glenn Le Qu\u00e9r\u00e9, 7e R\u00e9gis Le Carluer, 18e Romain Com, 27e Jean-Fran\u00e7ois Congard, 31e Benoit Laudy, 41e Eric Unvoas, 43e Didier Le Bourva, 44e Damien Boutoille, 62e Erwann Le Scornec, 71e Olivier Menou \u0391\u03bd\u03b4\u03c1\u03b9\u03ba\u03ae \u03b2\u03b5\u03c1\u03bc\u03bf\u03cd\u03b4\u03b1 Redspot TAYLOR-SH-5-\u039c\u03c0\u03ad\u03b6-40 with size have a stock of 0.0000 <img decoding=\"async\" src=\"http:\/\/swiss-music-export.com\/wp-content\/uploads\/2013\/10\/VelvetTwoStripes-680x450.jpg\" alt=\"rencontres de st gall 2010\" align=\"right\"> in the Cant on of S t. Gallen, t here i s, in fact, noth ing new, other.. \u0391\u03bd\u03b4\u03c1\u03b9\u03ba\u03ae \u03b2\u03b5\u03c1\u03bc\u03bf\u03cd\u03b4\u03b1 cargo Funky Buddha FBM001-03118-1-\u039c\u03c0\u03ad\u03b6-34 with size have a stock of 1.0000 Recevez chaque samedi les infos essentielles de la semaine!<\/p>\n","protected":false},"excerpt":{"rendered":"<p>rencontres de st gall 2010<\/p>\n","protected":false},"author":1,"featured_media":0,"comment_status":"closed","ping_status":"closed","sticky":false,"template":"","format":"standard","meta":{"footnotes":""},"categories":[1],"tags":[],"_links":{"self":[{"href":"http:\/\/intranet.asbl.ca\/blog\/wp-json\/wp\/v2\/posts\/2511"}],"collection":[{"href":"http:\/\/intranet.asbl.ca\/blog\/wp-json\/wp\/v2\/posts"}],"about":[{"href":"http:\/\/intranet.asbl.ca\/blog\/wp-json\/wp\/v2\/types\/post"}],"author":[{"embeddable":true,"href":"http:\/\/intranet.asbl.ca\/blog\/wp-json\/wp\/v2\/users\/1"}],"replies":[{"embeddable":true,"href":"http:\/\/intranet.asbl.ca\/blog\/wp-json\/wp\/v2\/comments?post=2511"}],"version-history":[{"count":1,"href":"http:\/\/intranet.asbl.ca\/blog\/wp-json\/wp\/v2\/posts\/2511\/revisions"}],"predecessor-version":[{"id":2512,"href":"http:\/\/intranet.asbl.ca\/blog\/wp-json\/wp\/v2\/posts\/2511\/revisions\/2512"}],"wp:attachment":[{"href":"http:\/\/intranet.asbl.ca\/blog\/wp-json\/wp\/v2\/media?parent=2511"}],"wp:term":[{"taxonomy":"category","embeddable":true,"href":"http:\/\/intranet.asbl.ca\/blog\/wp-json\/wp\/v2\/categories?post=2511"},{"taxonomy":"post_tag","embeddable":true,"href":"http:\/\/intranet.asbl.ca\/blog\/wp-json\/wp\/v2\/tags?post=2511"}],"curies":[{"name":"wp","href":"https:\/\/api.w.org\/{rel}","templated":true}]}}