{"id":2523,"date":"2020-09-24T10:56:37","date_gmt":"2020-09-24T10:56:37","guid":{"rendered":"http:\/\/intranet.asbl.ca\/blog\/?p=2523"},"modified":"2020-09-20T19:47:14","modified_gmt":"2020-09-20T19:47:14","slug":"rencontre-marocaines-marocaines","status":"publish","type":"post","link":"http:\/\/intranet.asbl.ca\/blog\/2020\/09\/24\/rencontre-marocaines-marocaines\/","title":{"rendered":"Rencontre Marocaines Marocaines"},"content":{"rendered":"<p> Mise \u00e0 disposition du r\u00e9seau de la CFCIM et sa ma\u00eetrise du march\u00e9 marocain En vue des perturbations annonc\u00e9es sur le march\u00e9 mondial, le Maroc est en train de s\u00e9curiser son stock en.. Les autorit\u00e9s marocaines affirment quils cherchent \u00e0 lutter contre le ph\u00e9nom\u00e8ne de limmigration selon une approche humanitaire globale, et quils veilleront sur le respect total des droits des r\u00e9fugi\u00e9s et des immigr\u00e9s et de lutter contre les diverses formes de violence qui sexercent sur eux, ainsi que daider ceux qui souhaitent retourner volontairement \u00e0 leur pays dorigine. Elles rappellent toutefois que, faute de capacit\u00e9s daccueil, le Maroc nest pas en mesure de recevoir tous les immigr\u00e9s qui souhaitent sy installer.  poursuit des objectifs commerciaux, contient de la publicit\u00e9 abusive, de la publicit\u00e9 politique ill\u00e9gale ou des liens vers dautres ressources en ligne contenant ce genre dinformations; des voyages pour toutes personnes d\u00e9sirant vivre une exp\u00e9rience de ressourcement MaCommune.info sest balad\u00e9 dans le village marocain de la Foire comtoise 2017 qui se d\u00e9roule jusquau 28 mai 2017 \u00e0 Micropolis \u00e0 Besan\u00e7on et a rencontr\u00e9 Sa\u00efd, vendeur de tapis.. Merci pour votre commentaire. Il sera visible prochainement sous r\u00e9serve de validation. Pour sortir de la rue. L\u00e0 o\u00f9 la vie les a un jour jet\u00e9s dans une ville du Maroc dont les cartes La rencontre sest ensuite enrichie des contributions de plusieurs Pr\u00e9sidents et vice-Pr\u00e9sidents de R\u00e9gions fran\u00e7aises et marocaines, ainsi que de repr\u00e9sentants de partenaires de premier plan des collectivit\u00e9s marocaines, tels que la DGCL, la Caisse des D\u00e9p\u00f4ts et de Gestion et le Fonds dEquipement Communal. Pour rappel, 8 R\u00e9gions de France travaillent en coop\u00e9ration avec des R\u00e9gions du Maroc. Le Maroc est mon pays et que je veux essayer de mieux le comprendre. Et puis parce que les pays maghr\u00e9bins sont des pays tr\u00e8s contradictoires en ce qui concerne le droit des femmes. Au Maroc on ne peut pas nier que la loi sociale prime sur la loi telle quelle est \u00e9crite. En tant que femme marocaine, dans la loi tu as le droit de libre circulation, de voyager, de profiter de lespace public Mais par contre, socialement tu ne peux pas le faire. Agence commerciale : 10, rue de M\u00e9zi\u00e8res 75006 Paris-Tel: 01 44 39 03 03-<img decoding=\"async\" src=\"http:\/\/www.welovebuzz.com\/wp-content\/uploads\/2015\/10\/mariage-tanger.jpg\" alt=\"rencontre marocaines marocaines\" align=\"right\"> daudit et de consulting. Il exerce depuis plus de 25 ans des activit\u00e9s de conseil et daudit au <img decoding=\"async\" src=\"http:\/\/s.llb.be\/image\/3c\/5319ca68357024dca855043c.jpg\" alt=\"rencontre marocaines marocaines\" align=\"center\"> <img decoding=\"async\" src=\"http:\/\/www.campkeno.com\/wp-content\/uploads\/2016\/04\/joann-doyon-6.jpg\" alt=\"rencontre marocaines marocaines\" align=\"center\"> CV : Cest venu naturellement. On cherche presque \u00e0 d\u00e9velopper une sorte de transe. Dans ces caf\u00e9s, on est en communion avec le public, il ny a pas de limite. Les gens viennent sur sc\u00e8ne, prennent les percussions, \u00e7a nous remplit de joie Https:fr.sputniknews.commaghreb202005151043789989-un-groupe-de-26-israeliens-a-ete-rapatrie-secretement-du-maroc leurs \u00e9l\u00e8ves. SSF travaille au Maroc depuis un an avec lassociation dinsertion Bayti qui tend 6 Lirrigation est cens\u00e9e \u00eatre un travail dhommes, mais dans la pratique, on la d\u00e9l\u00e8gue souvent aux  Dans ce contexte, la France appuie le plan dautonomie pr\u00e9sent\u00e9 par le Maroc en 2007 comme base s\u00e9rieuse et cr\u00e9dible en vue dune solution politique n\u00e9goci\u00e9e. Monsieur Saaid AMZAZI, Ministre de lEducation Nationale, de la Formation Professionnelle, de lEnseignement Sup\u00e9rieur et de la Recherche Scientifique, de cet enfant musicien de Bayti qui frappe la toile cir\u00e9e de ses paumes S.E.A: Je ne suis pas s\u00fbre. \u00c7a encourage les militants qui sont parfois fatigu\u00e9s du combat. Mais un verdict ne va jamais \u00eatre impact\u00e9 par une mobilisation internationale. Le changement viendra toujours de lint\u00e9rieur. Rassemblement pour la lib\u00e9ration de Hajar Raissouni, le 9 septembre 2019, devant le tribunal \u00e0 Rabat. Cr\u00e9dit: Fadel SennaAFP.<\/p>\n","protected":false},"excerpt":{"rendered":"<p>rencontre marocaines marocaines<\/p>\n","protected":false},"author":1,"featured_media":0,"comment_status":"closed","ping_status":"closed","sticky":false,"template":"","format":"standard","meta":{"footnotes":""},"categories":[1],"tags":[],"_links":{"self":[{"href":"http:\/\/intranet.asbl.ca\/blog\/wp-json\/wp\/v2\/posts\/2523"}],"collection":[{"href":"http:\/\/intranet.asbl.ca\/blog\/wp-json\/wp\/v2\/posts"}],"about":[{"href":"http:\/\/intranet.asbl.ca\/blog\/wp-json\/wp\/v2\/types\/post"}],"author":[{"embeddable":true,"href":"http:\/\/intranet.asbl.ca\/blog\/wp-json\/wp\/v2\/users\/1"}],"replies":[{"embeddable":true,"href":"http:\/\/intranet.asbl.ca\/blog\/wp-json\/wp\/v2\/comments?post=2523"}],"version-history":[{"count":1,"href":"http:\/\/intranet.asbl.ca\/blog\/wp-json\/wp\/v2\/posts\/2523\/revisions"}],"predecessor-version":[{"id":2524,"href":"http:\/\/intranet.asbl.ca\/blog\/wp-json\/wp\/v2\/posts\/2523\/revisions\/2524"}],"wp:attachment":[{"href":"http:\/\/intranet.asbl.ca\/blog\/wp-json\/wp\/v2\/media?parent=2523"}],"wp:term":[{"taxonomy":"category","embeddable":true,"href":"http:\/\/intranet.asbl.ca\/blog\/wp-json\/wp\/v2\/categories?post=2523"},{"taxonomy":"post_tag","embeddable":true,"href":"http:\/\/intranet.asbl.ca\/blog\/wp-json\/wp\/v2\/tags?post=2523"}],"curies":[{"name":"wp","href":"https:\/\/api.w.org\/{rel}","templated":true}]}}