{"id":2533,"date":"2020-09-24T16:44:16","date_gmt":"2020-09-24T16:44:16","guid":{"rendered":"http:\/\/intranet.asbl.ca\/blog\/?p=2533"},"modified":"2020-09-20T19:55:54","modified_gmt":"2020-09-20T19:55:54","slug":"rencontre-litteraire-bruxelles","status":"publish","type":"post","link":"http:\/\/intranet.asbl.ca\/blog\/2020\/09\/24\/rencontre-litteraire-bruxelles\/","title":{"rendered":"Rencontre Litt\u00e9raire Bruxelles"},"content":{"rendered":"<p><img decoding=\"async\" src=\"http:\/\/catalogue.gazette-drouot.com\/images\/perso\/full\/LOT\/85\/15679\/287.jpg\" alt=\"rencontre litt\u00e9raire bruxelles\" align=\"left\"> Les nuages s\u00e9paississent donc largement sur notre ville et les pluies, actuellement pr\u00e9sentes sur Saint-Etienne, devraient nous atteindre rapidement: Entre 8h30 et 9h30. Il se d\u00e9cline en plusieurs volets d\u00e9di\u00e9s aux auteurs.   <img decoding=\"async\" src=\"http:\/\/img.over-blog-kiwi.com\/1\/15\/78\/26\/20180512\/ob_7d6e7d_30171031-958197291011682-2914350167110.jpg\" alt=\"rencontre litt\u00e9raire bruxelles\" align=\"left\"> Ce nouvel ouvrage consacr\u00e9 \u00e0 Victor Horta, qui vous plonge dans lambiance de la fin du 19\u00e8me si\u00e8cle, est remarquablement illustr\u00e9 par des images darchives et des photos de Christine Bastin et Jacques Evrard. Il comprend en outre des plans de ville et des informations utiles qui vous aideront \u00e0 pr\u00e9parer votre promenade Art nouveau \u00e0 travers Bruxelles. Javais interpell\u00e9 cette journaliste pour lui demander sil \u00e9tait possible davoir un droit de r\u00e9ponse. La discussion na malheureusement pas \u00e9t\u00e9 ouverte. Il y a en effet des personnes qui portent une grande attention \u00e0 la d\u00e9coration autour de lobjet livre pour mettre le livre en avant. Le public ne va pas chercher la m\u00eame chose sur Instagram que dans les m\u00e9dias, ils recherchent aussi la beaut\u00e9 derri\u00e8re la lecture. Fen\u00eatre sur le livre et la culture, LIVRaisons ouvre dor\u00e9navant ses pages \u00e0 diff\u00e9rentes disciplines artistiques et en confie les recensions \u00e0 de nouveaux commentateurs Jean Lacroix, Jacques De Decker, F-X Lavenne, etc. LIVRaisons est \u00e0 la fois chambre d\u00e9cho de PEN Belgique le centre belge francophone de PEN International, caisse de r\u00e9sonance de la web radio www.espace-livres.be, outil de mise en valeur de la revue MARGINALES. Jean Jauniaux, r\u00e9dacteur en chef. <img decoding=\"async\" src=\"http:\/\/ecx.images-amazon.com\/images\/I\/61FKE3WjMSL._BO2,204,203,200_PIsitb-sticker-arrow-click,TopRight,35-76_AA300_SH20_OU01_.jpg\" alt=\"rencontre litt\u00e9raire bruxelles\" align=\"left\"> et les Ateliers du Toner cherchent un.e artiste ou collectif francophone bas\u00e9 en Belgique pour une r\u00e9sidence dimpression du La plus haute autorit\u00e9 administrative a donn\u00e9 raison au chercheur Fran\u00e7ois Graner, \u00e0 lorigine du recours. Lhistorien travaille sur le r\u00f4le de la France.. Avec les nouvelles fonctionnalit\u00e9s de loutil portefeuille, vous suivez encore mieux vos investissements. Nizet Henri, Bruxelles rigole M\u0153urs exotiques, op. Cit, p 49. Du 20 mai au 5 juin, lASSITEJ Internationale propose Mai 22, 2020 Il en a r\u00e9sult\u00e9 une s\u00e9rie de triptyques et une exposition de cl\u00f4ture de notre 50\u00e8 anniversaire.  Votre caf\u00e9, vous le prendrez avec ou sans lecture? Le retour des caf\u00e9s litt\u00e9raires-La Libre Code postal: Entrer le code postal sans espace exemple: H3L2S3 Mais le Wolf, cest aussi La Boutique du Loup pour repartir avec le livre r\u00eav\u00e9 et La Cantine du Chaperon qui vous propose des sp\u00e9cialit\u00e9s SUCREES \u00e0 la sauce des contes de f\u00e9es. Chaque premier dimanche du mois \u00e0 la Biblioth\u00e8que S\u00e9same Schaerbeek, \u00e0 10h30 et \u00e0 11h15. Site web : 6 Rue Antoine de Saint-Exup\u00e9ry, 1432 Luxembourg 1432 Luxembourg.<\/p>\n","protected":false},"excerpt":{"rendered":"<p>rencontre litt\u00e9raire bruxelles<\/p>\n","protected":false},"author":1,"featured_media":0,"comment_status":"closed","ping_status":"closed","sticky":false,"template":"","format":"standard","meta":{"footnotes":""},"categories":[1],"tags":[],"_links":{"self":[{"href":"http:\/\/intranet.asbl.ca\/blog\/wp-json\/wp\/v2\/posts\/2533"}],"collection":[{"href":"http:\/\/intranet.asbl.ca\/blog\/wp-json\/wp\/v2\/posts"}],"about":[{"href":"http:\/\/intranet.asbl.ca\/blog\/wp-json\/wp\/v2\/types\/post"}],"author":[{"embeddable":true,"href":"http:\/\/intranet.asbl.ca\/blog\/wp-json\/wp\/v2\/users\/1"}],"replies":[{"embeddable":true,"href":"http:\/\/intranet.asbl.ca\/blog\/wp-json\/wp\/v2\/comments?post=2533"}],"version-history":[{"count":1,"href":"http:\/\/intranet.asbl.ca\/blog\/wp-json\/wp\/v2\/posts\/2533\/revisions"}],"predecessor-version":[{"id":2534,"href":"http:\/\/intranet.asbl.ca\/blog\/wp-json\/wp\/v2\/posts\/2533\/revisions\/2534"}],"wp:attachment":[{"href":"http:\/\/intranet.asbl.ca\/blog\/wp-json\/wp\/v2\/media?parent=2533"}],"wp:term":[{"taxonomy":"category","embeddable":true,"href":"http:\/\/intranet.asbl.ca\/blog\/wp-json\/wp\/v2\/categories?post=2533"},{"taxonomy":"post_tag","embeddable":true,"href":"http:\/\/intranet.asbl.ca\/blog\/wp-json\/wp\/v2\/tags?post=2533"}],"curies":[{"name":"wp","href":"https:\/\/api.w.org\/{rel}","templated":true}]}}