{"id":2585,"date":"2020-09-24T20:54:31","date_gmt":"2020-09-24T20:54:31","guid":{"rendered":"http:\/\/intranet.asbl.ca\/blog\/?p=2585"},"modified":"2020-09-20T21:06:03","modified_gmt":"2020-09-20T21:06:03","slug":"rencontre-niamey","status":"publish","type":"post","link":"http:\/\/intranet.asbl.ca\/blog\/2020\/09\/24\/rencontre-niamey\/","title":{"rendered":"Rencontre Niamey"},"content":{"rendered":"<p>Le pr\u00e9fet de S\u00e9dhiou, Ibrahima Fall, a d\u00e9clar\u00e9 que sa circonscription souffre dune insuffisance de ses capacit\u00e9s daccueil pour les personnes atteintes du Covid-19. Bissau, 21 Mai ANG Il y a 22 jours 20 heures 3 minutes Le minist\u00e8re ivoirien de la Sant\u00e9 et de lHygi\u00e8ne publique a d\u00e9clar\u00e9, jeudi, que 152 nouvelles contaminations au Covid-19 ont \u00e9t\u00e9 enregistr\u00e9s, portant \u00e0 3.262 le nombre de cas confirm\u00e9s depuis le 11 mars 2020, date du premier cas d\u00e9clar\u00e9 dans le pays. Gr\u00e2ce \u00e0 un brevet ouvert et une coop\u00e9ration internationale, le masque de plong\u00e9e Easybreath avec tube int\u00e9gr\u00e9, a \u00e9t\u00e9 transform\u00e9, depuis le 21 mars, et sest impos\u00e9 dans la lutte contre le coronavirus, servant \u00e0 la fois  <img decoding=\"async\" src=\"http:\/\/www.spm.gov.cm\/uploads\/pics\/IMG_9941.JPG\" alt=\"rencontre niamey\" align=\"right\"> Deux mois apr\u00e9s la confirmation du premier cas de Coronavirus au S\u00e9n\u00e9gal, lInstitut Pasteur a r\u00e9alis\u00e9 16328 tests aussi bien dans son laboratoire central \u00e0 Dakar, que dans deux de ses unit\u00e9s mobiles \u00e0 Touba et \u00e0 Kolda, selon son Directeur, Ahmadou Alpha Sall. <img decoding=\"async\" src=\"http:\/\/static1.purebreak.com\/articles\/7\/43\/97\/7\/@\/133702-opengraph_1200-2.jpg\" alt=\"rencontre niamey\" align=\"right\">  Abidjan, 9 Avril AIP Il y a 2 mois 3 jours 18 heures 36 minutes Le commissaire de police de larrondissement de Vidol\u00e9 \u00e0 Abomey, a dispers\u00e9 ce mercredi des requ\u00e9rants dactes de naissance reconstitu\u00e9s du Projet de Reconstitution des Actes de Naissance PRAN et dautres usagers ayant enfreint les mesures de la lutte anti COVID-19, en envahissant larrondissement, a constat\u00e9 lAgence B\u00e9nin Presse. Niger-Niamey A la recherche dune nouvelle exp\u00e9rience damour enrichissante avec une femme de qui au moins 30ans <img decoding=\"async\" src=\"http:\/\/www.wahooas.org\/IMG\/jpg\/DSC_0060-2.jpg\" alt=\"rencontre niamey\" align=\"right\"> CONAKRY, 6 Mai AGP Il y a un mois 6 jours 11 heures 54 minutes Accra, 22 Avril GNA Il y a un mois 20 jours 21 heures 10 minutes The public has been advised not to overlook other preventive protocols in the fight against the coronavirus pandemic apart from the wearing of nose masks. Accra, 19 Avril GNA Il y a un mois 23 jours 14 heures 29 minutes Bissau, 16 Avril ANG Il y a un mois 26 jours 17 heures 33 minutes  Rabat, 26 Mai MAP Il y a 17 jours 22 heures 11 minutes Dans la commune urbaine de Fria, trois des six patients d\u00e9clar\u00e9s positifs au COVID-19 dimanche, 10 mai 2020 rentrent \u00e0 la maison apr\u00e8s une semaine de soins au centre de recherche en \u00e9pid\u00e9miologie, microbiologie et soins m\u00e9dicaux de Kindia. Le ministre aupr\u00e8s du Premier ministre, charg\u00e9 du Budget et du Portefeuille de lEtat, Moussa Sanogo sest dit confiant des potentialit\u00e9s \u00e9conomiques de la C\u00f4te dIvoire pour faire face aux d\u00e9fis li\u00e9s \u00e0 la lutte contre la propagation du Coronavirus COVID dans le pays, dimanche lors dun d\u00e9bat t\u00e9l\u00e9vis\u00e9 avec son coll\u00e8gue de lEconomie et des Finances et dautres invit\u00e9s sur le Plateau de la Nouvelle chaine ivoirienne NCI.<\/p>\n","protected":false},"excerpt":{"rendered":"<p>rencontre niamey<\/p>\n","protected":false},"author":1,"featured_media":0,"comment_status":"closed","ping_status":"closed","sticky":false,"template":"","format":"standard","meta":{"footnotes":""},"categories":[1],"tags":[],"_links":{"self":[{"href":"http:\/\/intranet.asbl.ca\/blog\/wp-json\/wp\/v2\/posts\/2585"}],"collection":[{"href":"http:\/\/intranet.asbl.ca\/blog\/wp-json\/wp\/v2\/posts"}],"about":[{"href":"http:\/\/intranet.asbl.ca\/blog\/wp-json\/wp\/v2\/types\/post"}],"author":[{"embeddable":true,"href":"http:\/\/intranet.asbl.ca\/blog\/wp-json\/wp\/v2\/users\/1"}],"replies":[{"embeddable":true,"href":"http:\/\/intranet.asbl.ca\/blog\/wp-json\/wp\/v2\/comments?post=2585"}],"version-history":[{"count":1,"href":"http:\/\/intranet.asbl.ca\/blog\/wp-json\/wp\/v2\/posts\/2585\/revisions"}],"predecessor-version":[{"id":2586,"href":"http:\/\/intranet.asbl.ca\/blog\/wp-json\/wp\/v2\/posts\/2585\/revisions\/2586"}],"wp:attachment":[{"href":"http:\/\/intranet.asbl.ca\/blog\/wp-json\/wp\/v2\/media?parent=2585"}],"wp:term":[{"taxonomy":"category","embeddable":true,"href":"http:\/\/intranet.asbl.ca\/blog\/wp-json\/wp\/v2\/categories?post=2585"},{"taxonomy":"post_tag","embeddable":true,"href":"http:\/\/intranet.asbl.ca\/blog\/wp-json\/wp\/v2\/tags?post=2585"}],"curies":[{"name":"wp","href":"https:\/\/api.w.org\/{rel}","templated":true}]}}