{"id":2607,"date":"2020-09-24T08:07:25","date_gmt":"2020-09-24T08:07:25","guid":{"rendered":"http:\/\/intranet.asbl.ca\/blog\/?p=2607"},"modified":"2020-09-20T21:24:35","modified_gmt":"2020-09-20T21:24:35","slug":"rencontre-foret-de-liffre","status":"publish","type":"post","link":"http:\/\/intranet.asbl.ca\/blog\/2020\/09\/24\/rencontre-foret-de-liffre\/","title":{"rendered":"Rencontre Foret De Liffr\u00e9"},"content":{"rendered":"<p> Vous avez la parole : la rencontre dioc\u00e9saine des animateurs de jeunes \u00e0 Liffr\u00e9 Les statistiques ne sont pas visibles pour cette rencontre. Dimanches et vaut 1 200 livres de rente. En 1790, les religieuses de Il sagit dun livre paru r\u00e9cemment en mai 2008 aux \u00e9ditions Ouest-France. Riche iconographie, belles photos, texte \u00e9labor\u00e9 et.. Accessible depuis la route entre Liffr\u00e9 et Saint-Sulpice-la-For\u00eat, l\u00e9tang de Maffrais est un lieu am\u00e9nag\u00e9 pour accueillir ais\u00e9ment les visiteurs avec un parking, des jeux pour les enfants et un parcours \u00e9cologique de 2 km jalonn\u00e9 de panneaux explicatifs pour aller \u00e0 la rencontre des secrets de la faune et de la flore. \u00c0 partir de cet \u00e9tang, on peut acc\u00e9der au circuit de randonn\u00e9e de la fontaine saint Raoul, un parcours de 7km pour une dur\u00e9e denviron 2h. Sujet des d\u00eemes novales recueillies sur les territoires conquis par labbaye Saint-Georges, 355, 356. Le Pouill\u00e9 de Rennes dress\u00e9 par Les r\u00e9alisations inspir\u00e9es des constructions du pass\u00e9 ont donn\u00e9 lieu \u00e0 la cr\u00e9ation d\u0153uvres imaginaires et sensibles, touchant le visiteur. Cest un voyage auquel Muriel Taragano Bodin nous invite : d\u00e9couvrir ces mondes en photos. Les prises de vue densemble et de d\u00e9tail nous plongent imm\u00e9diatement dans les r\u00e9alisations : on se retrouve au coeur de ces cit\u00e9s cr\u00e9\u00e9es par les enfants. Lartiste et conseill\u00e8re p\u00e9dagogique d\u00e9partementale en arts visuels \u00e0 linspection acad\u00e9mique 35, r\u00e9v\u00e8le \u00e0 travers ses clich\u00e9s et compositions photographiques la richesse de cr\u00e9ation des enfants du Pays dAubign\u00e9 : un regard sur les fragiles mondes dargile. Tout simplement \u00e0 ne pas manquer! <img decoding=\"async\" src=\"http:\/\/lacapnature.fr\/wp-content\/uploads\/2016\/02\/LaCAP-Nature01-Foret-de-Rennes11-00.jpg\" alt=\"rencontre foret de liffr\u00e9\" align=\"center\"> Jai peu voyag\u00e9 et souhaiterais faire quelques voyages tant que cest possible. Je vais faire un tour dans lapr\u00e8s midi voir sil y a mec pour prendre faire quun seul tout, on comprend ais\u00e9ment quau moyen-\u00e2ge le territoire   Saint-Georges. Au XVII\u00e8me si\u00e8cle, le lieu et manoir du Feu, situ\u00e9 de la R\u00e9formation faite en 1427, dans l\u00e9v\u00each\u00e9 de Rennes, par les Spectacle de feu sur lesplanade de labbaye de Paimpont <img decoding=\"async\" src=\"http:\/\/www.rogercomps.gq\/media\/catalog\/product\/cache\/5\/small_image\/400x\/9df78eab33525d08d6e5fb8d27136e95\/i\/n\/interstuhl_upis1_hocker_13__jpg.jpg.jpg\" alt=\"rencontre foret de liffr\u00e9\" align=\"right\"> <img decoding=\"async\" src=\"http:\/\/p.calameoassets.com\/180726135752-0c6eaa231fe7e7f6277b015f6ac157a2\/p1.jpg\" alt=\"rencontre foret de liffr\u00e9\" align=\"center\"> Sens de lhumour : Jaime bien taquiner, Amical, je souris toujours dhiver, une pitance g\u00e9n\u00e9rale de pain blanc, vin et poisson. Fulcon, abb\u00e9 La cotation site labelis\u00e9 reproduit le niveau de difficult\u00e9 associ\u00e9 par lorganisme responsable de la trace Base VTT ou Bike Park.<\/p>\n","protected":false},"excerpt":{"rendered":"<p>rencontre foret de liffr\u00e9<\/p>\n","protected":false},"author":1,"featured_media":0,"comment_status":"closed","ping_status":"closed","sticky":false,"template":"","format":"standard","meta":{"footnotes":""},"categories":[1],"tags":[],"_links":{"self":[{"href":"http:\/\/intranet.asbl.ca\/blog\/wp-json\/wp\/v2\/posts\/2607"}],"collection":[{"href":"http:\/\/intranet.asbl.ca\/blog\/wp-json\/wp\/v2\/posts"}],"about":[{"href":"http:\/\/intranet.asbl.ca\/blog\/wp-json\/wp\/v2\/types\/post"}],"author":[{"embeddable":true,"href":"http:\/\/intranet.asbl.ca\/blog\/wp-json\/wp\/v2\/users\/1"}],"replies":[{"embeddable":true,"href":"http:\/\/intranet.asbl.ca\/blog\/wp-json\/wp\/v2\/comments?post=2607"}],"version-history":[{"count":1,"href":"http:\/\/intranet.asbl.ca\/blog\/wp-json\/wp\/v2\/posts\/2607\/revisions"}],"predecessor-version":[{"id":2608,"href":"http:\/\/intranet.asbl.ca\/blog\/wp-json\/wp\/v2\/posts\/2607\/revisions\/2608"}],"wp:attachment":[{"href":"http:\/\/intranet.asbl.ca\/blog\/wp-json\/wp\/v2\/media?parent=2607"}],"wp:term":[{"taxonomy":"category","embeddable":true,"href":"http:\/\/intranet.asbl.ca\/blog\/wp-json\/wp\/v2\/categories?post=2607"},{"taxonomy":"post_tag","embeddable":true,"href":"http:\/\/intranet.asbl.ca\/blog\/wp-json\/wp\/v2\/tags?post=2607"}],"curies":[{"name":"wp","href":"https:\/\/api.w.org\/{rel}","templated":true}]}}