{"id":2611,"date":"2020-09-24T08:48:13","date_gmt":"2020-09-24T08:48:13","guid":{"rendered":"http:\/\/intranet.asbl.ca\/blog\/?p=2611"},"modified":"2020-09-20T21:27:54","modified_gmt":"2020-09-20T21:27:54","slug":"rencontre-assuree","status":"publish","type":"post","link":"http:\/\/intranet.asbl.ca\/blog\/2020\/09\/24\/rencontre-assuree\/","title":{"rendered":"Rencontre Assur\u00e9e"},"content":{"rendered":"<p>Pour votre correspondance CAMIEG 92011 Nanterre Cedex Au total, la moiti\u00e9 des personnes indemnis\u00e9es principalement celles qui nont pas pu travailler \u00e0 temps plein pendant au moins un an verront leurs droits r\u00e9duits, voire supprim\u00e9s. Soit 1,3 million de personnes parmi les 2,7 millions qui b\u00e9n\u00e9ficient actuellement dune indemnisation sur, au total, 6 millions de personnes inscrites au P\u00f4le emploi. Beaucoup de gens vont aller \u00e9marger au RSA Parmi les 95 membres du C.S.E. Figurent douze repr\u00e9sentants des parents. Lenseignement public poss\u00e8de neuf repr\u00e9sentants propos\u00e9s par les associations de parents. La repr\u00e9sentativit\u00e9 est proportionnelle aux r\u00e9sultats des \u00e9lections aux conseils dadministration et aux conseils d\u00e9cole. Les trois repr\u00e9sentants des parents d\u00e9l\u00e8ves de lenseignement priv\u00e9 sont choisis par le ministre de l\u00e9ducation nationale parmi les associations les plus repr\u00e9sentatives. Au niveau acad\u00e9mique Aucun texte nininterdit aux AVS de rencontrer les parents. La souscription dune assurance personnelle est donc facultative. Exception : elle est obligatoire dans le cas de la p\u00eache sous-marine si vous navez pas la. Un r\u00e9sum\u00e9 de l\u00e9tude, en allemand, est disponible \u00e0 ladresse suivante : Dokumentation Wirtschaftliche Bedeutung 4 S\u00e9curit\u00e9 Il en r\u00e9sulte que, par principe, la validit\u00e9 du contrat nest subordonn\u00e9e \u00e0 la satisfaction daucunes formes en particulier. Le besoin dassurance des associations va sarticuler autour de trois axes majeurs : la protection de la Responsabilit\u00e9 Civile, lIndemnisation des Dommages Corporels, lassurance des Dommages caus\u00e9s aux Biens. Les pr\u00e9sentes R\u00e8gles de confidentialit\u00e9 sappliquent \u00e0 tous les services propos\u00e9s par Google LLC et par ses, y compris YouTube et Android, ainsi quaux services propos\u00e9s sur des sites tiers, tels que les services publicitaires. Les pr\u00e9sentes R\u00e8gles de confidentialit\u00e9 ne sappliquent pas aux services r\u00e9gis par dautres r\u00e8gles de confidentialit\u00e9 nincorporant pas les pr\u00e9sentes. En labsence dun d\u00e9lai: le d\u00e9c\u00e8s de loffrant entra\u00eene la caducit\u00e9 de loffre Bonjour nous avons eu recours \u00e0 une soci\u00e9t\u00e9 enduit de fa\u00e7ade qui a r\u00e9alis\u00e9 un enduit projet\u00e9 sur toute notre maison co\u00fbt du travail 14000 euros soci\u00e9t\u00e9 ayant souscrit une garantie decenale travaux r\u00e9alis\u00e9s en mai 2016 <img decoding=\"async\" src=\"http:\/\/www.rwearguard.cf\/wp-content\/uploads\/2015\/10\/05-10-15-La-rel%C3%A8ve-de-la-gymnastique-%C3%A0-Saint-Martin-est-assur%C3%A9e.jpg\" alt=\"rencontre assur\u00e9e\" align=\"right\"> Pour ce faire, il sera communiqu\u00e9 aux candidats s\u00e9lectionn\u00e9s un acc\u00e8s aux plannings des experts d\u00e9di\u00e9s \u00e0 l\u00e9tude des dossiers. Ils pourront alors sinscrire pour des rendez-vous individuels de 20 minutes par expert.   <img decoding=\"async\" src=\"http:\/\/ortus-sante.fr\/wp-content\/uploads\/2017\/11\/Nice4.jpg\" alt=\"rencontre assur\u00e9e\" align=\"left\">  N.B. Ces deux jeux peuvent sadapter aux mesures de distanciation sociale-pr\u00e9l\u00e8vements chez les enfants de moins de 5 ans. Une garantie accident corporel qui couvre les dommages subis par lenfant, y compris sil se blesse lui-m\u00eame Activit\u00e9s darchitectes en Europe : nouvelles pratiques, Cahiers Ramau 3, Direction de la publication assur\u00e9e avec Th\u00e9r\u00e8se Evette, Paris, Ed. De la Villette, 2003. Ce weekend sest d\u00e9roul\u00e9 la 4\u00e8me journ\u00e9e des championnats de printemps par \u00e9quipes s\u00e9niors au niveau d\u00e9partemental. Le bilan est relativement mitig\u00e9 pour nos \u00e9quipes avec 3 victoires et 5 d\u00e9faites. Voici quelques d\u00e9tails sur les rencontres et la situation des \u00e9quipes. <img decoding=\"async\" src=\"http:\/\/www.ciqsaintveran.com\/wp-content\/uploads\/2014\/05\/F%C3%AAte-des-Voisins-2014-b.jpg\" alt=\"rencontre assur\u00e9e\" align=\"right\"> Vous pouvez rencontrer vos \u00e9lus lors de permanences \u00e0 la mairie : Assurance et modification de contrat 2424 et 77 en ligne.<\/p>\n","protected":false},"excerpt":{"rendered":"<p>rencontre assur\u00e9e<\/p>\n","protected":false},"author":1,"featured_media":0,"comment_status":"closed","ping_status":"closed","sticky":false,"template":"","format":"standard","meta":{"footnotes":""},"categories":[1],"tags":[],"_links":{"self":[{"href":"http:\/\/intranet.asbl.ca\/blog\/wp-json\/wp\/v2\/posts\/2611"}],"collection":[{"href":"http:\/\/intranet.asbl.ca\/blog\/wp-json\/wp\/v2\/posts"}],"about":[{"href":"http:\/\/intranet.asbl.ca\/blog\/wp-json\/wp\/v2\/types\/post"}],"author":[{"embeddable":true,"href":"http:\/\/intranet.asbl.ca\/blog\/wp-json\/wp\/v2\/users\/1"}],"replies":[{"embeddable":true,"href":"http:\/\/intranet.asbl.ca\/blog\/wp-json\/wp\/v2\/comments?post=2611"}],"version-history":[{"count":1,"href":"http:\/\/intranet.asbl.ca\/blog\/wp-json\/wp\/v2\/posts\/2611\/revisions"}],"predecessor-version":[{"id":2612,"href":"http:\/\/intranet.asbl.ca\/blog\/wp-json\/wp\/v2\/posts\/2611\/revisions\/2612"}],"wp:attachment":[{"href":"http:\/\/intranet.asbl.ca\/blog\/wp-json\/wp\/v2\/media?parent=2611"}],"wp:term":[{"taxonomy":"category","embeddable":true,"href":"http:\/\/intranet.asbl.ca\/blog\/wp-json\/wp\/v2\/categories?post=2611"},{"taxonomy":"post_tag","embeddable":true,"href":"http:\/\/intranet.asbl.ca\/blog\/wp-json\/wp\/v2\/tags?post=2611"}],"curies":[{"name":"wp","href":"https:\/\/api.w.org\/{rel}","templated":true}]}}