{"id":2671,"date":"2020-09-24T10:17:47","date_gmt":"2020-09-24T10:17:47","guid":{"rendered":"http:\/\/intranet.asbl.ca\/blog\/?p=2671"},"modified":"2020-09-20T23:25:21","modified_gmt":"2020-09-20T23:25:21","slug":"rencontre-camping-car","status":"publish","type":"post","link":"http:\/\/intranet.asbl.ca\/blog\/2020\/09\/24\/rencontre-camping-car\/","title":{"rendered":"Rencontre Camping Car"},"content":{"rendered":"<p>Ces cookies permettent dinteragir depuis le site avec les r\u00e9seaux sociaux et de partager les contenus du site avec dautres personnes ou de les informer de votre consultation ou opinion sur celui-ci, lorsque vous cliquez sur les modules Partager, Aimer de Facebook et de Twitter, par exemple. En d\u00e9sactivant ces cookies, vous ne pourrez plus partager les pages depuis le site sur les r\u00e9seaux sociaux. Les Hommes et les Femmes c\u00e9libataires, divorc\u00e9s ou veufs aimant le camping-car et adh\u00e9rents de Luna  Cette ann\u00e9e, le p\u00f4le culturel de Fessenheim a rejoint la tourn\u00e9e par les villages de la Com\u00e9die de Colmar, qui pr\u00e9sente tous les ans une nouvelle cr\u00e9ation hors-les-murs. Apr\u00e8s Maman, moi et les hommes en mai dernier, nous accueillerons la pi\u00e8ce Une vie dacteur de Tanguy Viel mise en sc\u00e8ne par la nouvelle directrice Emilie Capliez en co-direction avec Matthieu Cruciani. Un temps de discussion et de rencontre avec la metteuse en sc\u00e8ne vous ai propos\u00e9 autour dun verre de lamiti\u00e9, en attendant de d\u00e9couvrir la pi\u00e8ce \u00e0 Fessenheim le 13 novembre 2019. Dans notre petite communaut\u00e9 sans pr\u00e9tention, nous partageons nos conseils et astuces, les aires de service, les bricolages astucieux, que lon projette dacheter son premier fourgon ou que lon en soit \u00e0 son n-i\u00e8me tour du monde en int\u00e9gral, profil\u00e9 ou capucine. <img decoding=\"async\" src=\"http:\/\/mag.espritcampingcar.com\/wp-content\/uploads\/2014\/11\/Challenger-100-Mageo-5-720x340.jpg\" alt=\"rencontre camping car\" align=\"left\"> Remise de gr\u00e2ce \u00e0 M me Jacqueline SAUVAGE, elysee.fr, 28 d\u00e9cembre 2016, consult\u00e9 le 28 d\u00e9cembre 2016 D\u00e9chets pr\u00e8s de la SDH mobile. \u00c9lisa Montagnat Placegrenet.fr Rallye international des camping-cars : 39 pays seront re\u00e7us \u00e0 Ch\u00e2teaubriant cet \u00e9t\u00e9 Partager <img decoding=\"async\" src=\"http:\/\/www.camping-car.com\/sites\/default\/files\/media\/2016\/04\/mobilvetta_k.yacht85_tecnoline_006_0.jpg\" alt=\"rencontre camping car\" align=\"left\"> Pour ce lancement, ils ont cr\u00e9e un cairn de d\u00e9chets fabriqu\u00e9s avec les d\u00e9p\u00f4ts sauvages r\u00e9colt\u00e9s dans le quartier ces derniers jours. Coll\u00e9es dessus, on trouve des \u00e9tiquettes, comme Poubelle \u00e0 10 m\u00e8tres ou D\u00e9chetterie \u00e0 2 kilom\u00e8tres en 8 minutes. Ce tas de d\u00e9chets entend donc apporter des solutions. Dautres \u00e9tiquettes, comme \u00e7a pue ou cest moche sont distribu\u00e9es aux habitants du quartier, afin quils puissent d\u00e9noncer les pratiques de leurs voisins en les collant sur les d\u00e9p\u00f4ts sauvages. Pour que votre voyage naturiste nai plus de limites dans lespace, adoptez donc un camping-car naturiste! Mais le pire, selon moi, cest quavant, les camping-caristes avaient l\u00e2me de camping-caristes \u00e9vasion, aventure, rencontres, respect. Maintenant, quand ils ont 3 sous enfin, un peu plus devant eux, ils investissent dans un v\u00e9hicule mais vivent comme chez eux, recroquevill\u00e9s sur eux-m\u00eames. Ils ont le camping-car, mais pas lesprit qui va avec. AMV Assurance reste \u00e0 vos c\u00f4t\u00e9s durant cette p\u00e9riode de confinement et vous propose de camping-caristes avec mon \u00e9pouse depuis une huitaine dann\u00e9es, nous voyageons avec notre chat ce qui provoque la curiosit\u00e9 des autres c.caristes sur les aires et facilite tr\u00e8s souvent les contacts avec des couples ou des personnes seules. Pour nous en couple ou seul il sagit de c.caristes que nous aimons \u00e0 saluer et avec qui nous avons plaisir \u00e0 \u00e9changer. Il est vrai que certains c.caristes l\u00e8vent la main sur la route et ne vous disent pas bonjour une fois sur les aires sur la route nous avons \u00e9t\u00e9 \u00e0 deux reprises en difficult\u00e9 et si la premi\u00e8re fois le c.cariste qui nous suivait un couple nous a ignor\u00e9 son t\u00e9moignage aupr\u00e8s de lassurance nous aurait \u00e9t\u00e9 bien utile la seconde fois nous avons re\u00e7u laide du c.cariste seul qui circulait en sens inverse et a fait demi-tour pour nous venir en aide. Le monde des c.caristes qui sest agrandi est le reflet de la soci\u00e9t\u00e9. Nouveaut\u00e9: Camping-car Naturiste-etre-naturiste.com Merci pour ton message, jesp\u00e8re que tu trouveras quelquun qui correspond \u00e0 ton profil!  Fiat 500: Un esprit citadin, un look unique, une multitude de personnalit\u00e9. Venez la rencontrer. 15 290 La 21e \u00e9dition de la F\u00eate Europ\u00e9enne du Camping-Car se d\u00e9roulera \u00e0 Niort, du 15 au 17 mai 2020 en bordure du Marais Poitevin. <img decoding=\"async\" src=\"http:\/\/ouest2016.e-monsite.com\/medias\/images\/image-7.jpeg\" alt=\"rencontre camping car\" align=\"right\"> .<\/p>\n","protected":false},"excerpt":{"rendered":"<p>rencontre camping car<\/p>\n","protected":false},"author":1,"featured_media":0,"comment_status":"closed","ping_status":"closed","sticky":false,"template":"","format":"standard","meta":{"footnotes":""},"categories":[1],"tags":[],"_links":{"self":[{"href":"http:\/\/intranet.asbl.ca\/blog\/wp-json\/wp\/v2\/posts\/2671"}],"collection":[{"href":"http:\/\/intranet.asbl.ca\/blog\/wp-json\/wp\/v2\/posts"}],"about":[{"href":"http:\/\/intranet.asbl.ca\/blog\/wp-json\/wp\/v2\/types\/post"}],"author":[{"embeddable":true,"href":"http:\/\/intranet.asbl.ca\/blog\/wp-json\/wp\/v2\/users\/1"}],"replies":[{"embeddable":true,"href":"http:\/\/intranet.asbl.ca\/blog\/wp-json\/wp\/v2\/comments?post=2671"}],"version-history":[{"count":1,"href":"http:\/\/intranet.asbl.ca\/blog\/wp-json\/wp\/v2\/posts\/2671\/revisions"}],"predecessor-version":[{"id":2672,"href":"http:\/\/intranet.asbl.ca\/blog\/wp-json\/wp\/v2\/posts\/2671\/revisions\/2672"}],"wp:attachment":[{"href":"http:\/\/intranet.asbl.ca\/blog\/wp-json\/wp\/v2\/media?parent=2671"}],"wp:term":[{"taxonomy":"category","embeddable":true,"href":"http:\/\/intranet.asbl.ca\/blog\/wp-json\/wp\/v2\/categories?post=2671"},{"taxonomy":"post_tag","embeddable":true,"href":"http:\/\/intranet.asbl.ca\/blog\/wp-json\/wp\/v2\/tags?post=2671"}],"curies":[{"name":"wp","href":"https:\/\/api.w.org\/{rel}","templated":true}]}}