{"id":2811,"date":"2020-09-25T11:43:52","date_gmt":"2020-09-25T11:43:52","guid":{"rendered":"http:\/\/intranet.asbl.ca\/blog\/?p=2811"},"modified":"2020-09-21T02:51:17","modified_gmt":"2020-09-21T02:51:17","slug":"espace-rencontre-grigny","status":"publish","type":"post","link":"http:\/\/intranet.asbl.ca\/blog\/2020\/09\/25\/espace-rencontre-grigny\/","title":{"rendered":"Espace Rencontre Grigny"},"content":{"rendered":"<p>Mery sur Oise, Saint Leu la For\u00eat, Taverny, Pierrelaye.  Venez participer aux \u00e9v\u00e9nements sur le th\u00e8me Parentalit\u00e9 et Enfance du 20 au 28 mars 2018. L\u00c9cole des Arts D\u00e9co offre une ouverture \u00e0 ses \u00e9tudiants et capitalise sur la richesse de ses r\u00e9seaux internationaux. Conf\u00e9rence Cette ann\u00e9e, Des Mots et Des Arts vous propose de d\u00e9couvrir lhistoire du cin\u00e9ma au MK2 Od\u00e9on c\u00f4t\u00e9 St.. Lassociation La Voix des Jeunes organise la f\u00eate du d\u00e9veloppement durable le 12 avril de 14h \u00e0 17h30,All\u00e9e du dragon \u00e0 Evry. La Maison de lEmploi et de la formation de S\u00e9nart, structure du service public de lemploi :  Le droit \u00e0 l\u00e9ducation \u00e0 Grigny, une strat\u00e9gie \u00e9ducative locale partag\u00e9e IIPE-UNESCO D\u00e8s larriv\u00e9e \u00e0 Grigny, une surprise nous attend : les b\u00e2timents de la Maison de lenfance et de la nature souvrent sur un espace de verdure, \u00e0 proximit\u00e9 des lacs. Le cadre accueillant, larchitecture class\u00e9e HQE haute qualit\u00e9 environnementale chaleureuse. La premi\u00e8re construction en bois-le p\u00f4le p\u00e9dagogique, donne envie de sy attarder, de la parcourir. Une sensation confirm\u00e9e par la d\u00e9couverte des \u00e9quipements \u00e9cologiques : panneaux solaires, \u00e9olienne, chaudi\u00e8re \u00e0 bois, r\u00e9cup\u00e9rateur deau pluviale, autant dam\u00e9nagements pour le confort des enfants et la protection de la nature, premi\u00e8re \u00e9tape vers le respect de lenvironnement. Quant au second b\u00e2timent, il est principalement d\u00e9di\u00e9 au p\u00f4le interg\u00e9n\u00e9rationnel et interculturel. Associations, acteurs locaux et nationaux sy retrouvent pour la mise en place de projets multisectoriels d\u00e9ducation \u00e0 lenvironnement et \u00e0 la pr\u00e9servation de la biodiversit\u00e9. Ma\u00eetrise de la langue fran\u00e7aise et d\u00e9veloppement du capital linguistique S\u00e9ance unique, derni\u00e8re s\u00e9ance du cycle La com\u00e9die du monde, anim\u00e9e par Juliette Goffart, enseignante de cin\u00e9ma, autour de ce film \u00e0 lhumour tendre et l\u00e9ger <img decoding=\"async\" src=\"http:\/\/www.lepoint.fr\/images\/2015\/01\/09\/amedy-3047639-jpg_2656266_660x281.JPG\" alt=\"espace rencontre grigny\" align=\"center\"> <img decoding=\"async\" src=\"http:\/\/www.jean-luc-melenchon.fr\/wp-content\/gallery\/grigny\/grigny_11.jpg\" alt=\"espace rencontre grigny\" align=\"center\"> Un atelier cr\u00e9ateur dassociation est \u00e9galement mis en place. Acc\u00e9dez aux num\u00e9ros de TVA en illimit\u00e9 et sans publicit\u00e9. Une initiation \u00e0 cet art vous est propos\u00e9e par la Communaut\u00e9 dagglom\u00e9ration des lacs de lEssonne le 04 F\u00e9vrier 2015 de 13h30 \u00e0 15h30. Loin des classiques claviers et souris, les participants r\u00e9alisent leur propre manette de jeu \u00e0 partir de nimporte quel mat\u00e9riau conducteur, tout en d\u00e9couvrant les bases de l\u00e9lectronique. Gr\u00e2ce \u00e0 cet atelier, ils sont donc \u00e0 m\u00eame de cr\u00e9er une interface Homme Machine quelque peu originale. Ils pourront par la suite sen servir afin de manipuler en ligne diff\u00e9rentes applications de jeux ou de musique. Le plan de formation vise \u00e0 permettre une qualification des b\u00e9n\u00e9voles et des responsables associatifs, sur un mode accessible et gratuit. Il est articul\u00e9 autour de quatre axes : <img decoding=\"async\" src=\"http:\/\/www.more.wfcrimewatch.com\/upload\/videos\/mini\/15b505f0c890b4.jpg\" alt=\"espace rencontre grigny\" align=\"center\"> A quelle adresse email voulez-vous recevoir les alertes de surveillance? This website is using a security service to protect itself from online attacks. The action you just performed triggered the security solution. There are several actions that could trigger this block including submitting a certain word or phrase, a SQL command or malformed data. Votre num\u00e9ro de carte lecteur Votre date de naissance JJMMAAAA  Pour vous accompagner dans votre r\u00e9flexion et dans vos choix, je privil\u00e9gie le conseil et la proximit\u00e9 en venant directement \u00e0 votre rencontre. Jeudi 11 juin de 10h30 \u00e0 11h30 en vid\u00e9oconf\u00e9rence : Les entretiens dembauche par visio : comment sy pr\u00e9parer? Avec cette pr\u00e9sentation de Karine MAZU\u00c9 essaiera de r\u00e9pondre \u00e0 la question : Comment.. Les m\u00e9diath\u00e8ques de Grand Paris Sud rouvrent progressivement! Il faudra encore un peu de patience avant de pouvoir d\u00e9ambuler entre les rayons de livres, DVD, CD et autres jeux. Mais, depuis le 11 mai, les m\u00e9diath\u00e8ques du territoire se sont adapt\u00e9s aux normes sanitaires actuelles pour prot\u00e9ger votre sant\u00e9 et celle des autres et ont lanc\u00e9 lop\u00e9ration Clic collecte. On vous dit tout., Entrer en recherche-action : dynamiques et questionnements Lassociation des familles de Viry-Chatillon organise son salon Art D\u00e9co F\u00eate les 28 et 29 novembre 2015. INSCRIPTIONS AUX ACTIVIT\u00c9S DE LACCUEIL DE LOISIRS LE SAMEDI 13 JUIN D\u00c8S 9H30.<\/p>\n","protected":false},"excerpt":{"rendered":"<p>espace rencontre grigny<\/p>\n","protected":false},"author":1,"featured_media":0,"comment_status":"closed","ping_status":"closed","sticky":false,"template":"","format":"standard","meta":{"footnotes":""},"categories":[1],"tags":[],"_links":{"self":[{"href":"http:\/\/intranet.asbl.ca\/blog\/wp-json\/wp\/v2\/posts\/2811"}],"collection":[{"href":"http:\/\/intranet.asbl.ca\/blog\/wp-json\/wp\/v2\/posts"}],"about":[{"href":"http:\/\/intranet.asbl.ca\/blog\/wp-json\/wp\/v2\/types\/post"}],"author":[{"embeddable":true,"href":"http:\/\/intranet.asbl.ca\/blog\/wp-json\/wp\/v2\/users\/1"}],"replies":[{"embeddable":true,"href":"http:\/\/intranet.asbl.ca\/blog\/wp-json\/wp\/v2\/comments?post=2811"}],"version-history":[{"count":1,"href":"http:\/\/intranet.asbl.ca\/blog\/wp-json\/wp\/v2\/posts\/2811\/revisions"}],"predecessor-version":[{"id":2812,"href":"http:\/\/intranet.asbl.ca\/blog\/wp-json\/wp\/v2\/posts\/2811\/revisions\/2812"}],"wp:attachment":[{"href":"http:\/\/intranet.asbl.ca\/blog\/wp-json\/wp\/v2\/media?parent=2811"}],"wp:term":[{"taxonomy":"category","embeddable":true,"href":"http:\/\/intranet.asbl.ca\/blog\/wp-json\/wp\/v2\/categories?post=2811"},{"taxonomy":"post_tag","embeddable":true,"href":"http:\/\/intranet.asbl.ca\/blog\/wp-json\/wp\/v2\/tags?post=2811"}],"curies":[{"name":"wp","href":"https:\/\/api.w.org\/{rel}","templated":true}]}}