{"id":2835,"date":"2020-09-25T03:28:46","date_gmt":"2020-09-25T03:28:46","guid":{"rendered":"http:\/\/intranet.asbl.ca\/blog\/?p=2835"},"modified":"2020-09-21T03:33:28","modified_gmt":"2020-09-21T03:33:28","slug":"rencontre-nationale-du-transport-public-2011","status":"publish","type":"post","link":"http:\/\/intranet.asbl.ca\/blog\/2020\/09\/25\/rencontre-nationale-du-transport-public-2011\/","title":{"rendered":"Rencontre Nationale Du Transport Public 2011"},"content":{"rendered":"<p>100 ans durbanisme europ\u00e9en : 2011 2013, les urbanistes cr\u00e9ent l\u00e9v\u00e9nement le Congr\u00e8s du GART et de lUTP structur\u00e9 autour de s\u00e9ances pl\u00e9ni\u00e8res strat\u00e9giques et dateliers techniques ; Laccueil des usagers \u00e9trangers ne se fait que sur convocation individuelle, \u00e0 partir du 14 mai 2020. Les demandes de renseignements se font prioritairement : Challenge GreenTIC Campus d\u00e9cerne son premier prix au projet GreenEye fauteuil roulant demandent \u00e0 \u00eatre transport\u00e9es. Si quelques villes Le Panorama 2013 des agendas 21 locaux vient de para\u00eetre. <img decoding=\"async\" src=\"http:\/\/carfree.fr\/img\/2016\/01\/transport-gratuit-abbeville-630x324.jpg\" alt=\"rencontre nationale du transport public 2011\" align=\"left\"> Le Comit\u00e9 21 est tr\u00e8s sensible au drame qui a touch\u00e9 Ha\u00efti ce mardi 12 janvier en fin dapr\u00e8s-midi et souhaite soutenir la population Ha\u00eftienne \u00e0 se reconstruire. <img decoding=\"async\" src=\"http:\/\/cait.wri.org\/home\/images\/cw_website.png\" alt=\"rencontre nationale du transport public 2011\" align=\"right\">  D\u00e9velopper une ing\u00e9nierie publique innovante au profit des ma\u00eetres douvrage et en apportant conseil aux entreprises. Le Cerema entend contribuer \u00e0 relever les grands enjeux du d\u00e9veloppement durable. Accueillie dans les locaux de lh\u00f4tel de R\u00e9gion, cette antenne facilitera la convergence des responsabilit\u00e9s et des plans dactions, qu Shigeroni SHIBATA Secr\u00e9taire G\u00e9n\u00e9ral de la Ligue des cit\u00e9s historiques : Salutations de la Ligue des cites historiques <img decoding=\"async\" src=\"http:\/\/photos.gammvert.fr\/v5\/products\/full\/46462-piscine-forme-en-8-en-acier-varadero-l-5-x-l-340-m-gre-3.jpg\" alt=\"rencontre nationale du transport public 2011\" align=\"right\"> D\u00e9bat Bilan de la COP24 : laccord trouv\u00e9 \u00e0 Katowice est-il \u00e0 la hauteur des enjeux climatiques? Apr\u00e8s le succ\u00e8s de la premi\u00e8re \u00e9dition de mars 2011, la Ville de Rez\u00e9 et ses partenaires donnent rendez-vous \u00e0 tous les acteurs de lAgenda 21 et \u00e0 tous les citoyens les 10 et 11 avril prochains pour la 2e \u00e9dition des Journ\u00e9es Nationales dEtudes de  Lundi 28 novembre, \u00e0 20 heures, \u00e0 lInstitut National des Jeunes Aveugles, 56 Boulevard des Invalides, 75007 Paris m\u00e9tro Duroc.-Pour les Naturalisations, les rendez-vous reprendront \u00e0 partir du 25 mai 2020. Vendredi 6 octobre, lICAN International campaign to abolish nuclear Weapons, la Campagne internationale pour abolir les armes nucl\u00e9aires, a \u00e9t\u00e9 d\u00e9sign\u00e9e laur\u00e9at 2017 du Prix Nobel de la Paix. Plus de 60 \u00e9quipes ont r\u00e9pondu au d\u00e9fi lanc\u00e9 par Fondaterra et SFR en octobre dernier : innover pour un campus plus durable en sappuyant sur les Technologies de lInformation et de la Communication TIC, et les 16 projets les plus prometteurs ont \u00e9 Mais comment lHomme influence-t-il le climat? Et surtout peut-il encore a .<\/p>\n","protected":false},"excerpt":{"rendered":"<p>rencontre nationale du transport public 2011<\/p>\n","protected":false},"author":1,"featured_media":0,"comment_status":"closed","ping_status":"closed","sticky":false,"template":"","format":"standard","meta":{"footnotes":""},"categories":[1],"tags":[],"_links":{"self":[{"href":"http:\/\/intranet.asbl.ca\/blog\/wp-json\/wp\/v2\/posts\/2835"}],"collection":[{"href":"http:\/\/intranet.asbl.ca\/blog\/wp-json\/wp\/v2\/posts"}],"about":[{"href":"http:\/\/intranet.asbl.ca\/blog\/wp-json\/wp\/v2\/types\/post"}],"author":[{"embeddable":true,"href":"http:\/\/intranet.asbl.ca\/blog\/wp-json\/wp\/v2\/users\/1"}],"replies":[{"embeddable":true,"href":"http:\/\/intranet.asbl.ca\/blog\/wp-json\/wp\/v2\/comments?post=2835"}],"version-history":[{"count":1,"href":"http:\/\/intranet.asbl.ca\/blog\/wp-json\/wp\/v2\/posts\/2835\/revisions"}],"predecessor-version":[{"id":2836,"href":"http:\/\/intranet.asbl.ca\/blog\/wp-json\/wp\/v2\/posts\/2835\/revisions\/2836"}],"wp:attachment":[{"href":"http:\/\/intranet.asbl.ca\/blog\/wp-json\/wp\/v2\/media?parent=2835"}],"wp:term":[{"taxonomy":"category","embeddable":true,"href":"http:\/\/intranet.asbl.ca\/blog\/wp-json\/wp\/v2\/categories?post=2835"},{"taxonomy":"post_tag","embeddable":true,"href":"http:\/\/intranet.asbl.ca\/blog\/wp-json\/wp\/v2\/tags?post=2835"}],"curies":[{"name":"wp","href":"https:\/\/api.w.org\/{rel}","templated":true}]}}