{"id":2869,"date":"2020-09-25T23:00:51","date_gmt":"2020-09-25T23:00:51","guid":{"rendered":"http:\/\/intranet.asbl.ca\/blog\/?p=2869"},"modified":"2020-09-21T04:40:01","modified_gmt":"2020-09-21T04:40:01","slug":"rencontre-textile","status":"publish","type":"post","link":"http:\/\/intranet.asbl.ca\/blog\/2020\/09\/25\/rencontre-textile\/","title":{"rendered":"Rencontre Textile"},"content":{"rendered":"<p>Les param\u00e8tres des cookies sur ce site sont d\u00e9finis sur accepter les cookies pour vous offrir la meilleure exp\u00e9rience de navigation possible. Si vous continuez \u00e0 utiliser ce site sans changer vos param\u00e8tres de cookies ou si vous cliquez sur Accepter ci-dessous, vous consentez \u00e0 cela. <img decoding=\"async\" src=\"http:\/\/i.embpersons.com\/cute\/org\/7e564aa9f390.jpg\" alt=\"rencontre textile\" align=\"right\"> Les couturi\u00e8res et couturiers sont certainement plus en avance sur cette r\u00e9flexion car elles et ils ch\u00e9rissent les \u00e9toffes quils travaillent. Pour eux, il est donc important, quelles soient propres, pour lenvironnement, pour les Hommes qui les produisent mais aussi pour eux-m\u00eames.  Cest dactualit\u00e9 si vous avez beoin dun masque pour emprunter les transports en commun, et si vous avez envie de vous fabriquer votre masque personnel, pourquoi pas en faire un accessoire de mode. MW: Quels conseils pourriez-vous donner \u00e0 des commer\u00e7ants afin quils r\u00e9ussissent leurs vitrines? <img decoding=\"async\" src=\"http:\/\/scd.rfi.fr\/sites\/filesrfi\/imagecache\/rfi_16x9_1024_578\/sites\/images.rfi.fr\/files\/aef_image\/2015-08-01T053558Z_904609259_GF20000010578_RTRMADP_3_MYANMAR-ANGELINA-JOLIE_0.JPG\" alt=\"rencontre textile\" align=\"right\"> cat\u00e9gories et on paye le transport, sachant tout le travail quil y a d\u00e9j\u00e0 au Stage Chef de projet Marketing Digital E-commerce fin d\u00e9tudes Les v\u00eatements de la R\u00e9volution Textile sont en lin fran\u00e7ais. Le num\u00e9ro gratuit Parcours M\u00e9tier, service r\u00e9gional pour les questions <img decoding=\"async\" src=\"http:\/\/d1cdn.artquid.com\/art\/3\/161\/237833.1779617672.1.1600m.jpg\" alt=\"rencontre textile\" align=\"left\"> Jai r\u00e9alis\u00e9 que le luxe ne se trouve pas dans le bling bling mais au contraire dans ce qui ne se voit pas. Lamour de lartisan pour son travail par exemple, la qu\u00eate de la perfection. Puis jai travaill\u00e9 une dizaine dann\u00e9es dans des enseignes de mode, sans \u00eatre malheureuse, mais sans vraiment trouver de but \u00e0 ce que je faisais. Je me couchais le soir en me disant : mon boulot, cest de faire acheter de plus en plus de pulls aux gens Mais dans quel int\u00e9r\u00eat? Rapha\u00eblle : M\u00eame si lentreprise sest agrandi, il faut avant tout rester fid\u00e8le \u00e0 ce que nous sommes \u00e0 lorigine, continuer \u00e0 \u00eatre toujours au plus pr\u00e8s de nos clients et transmettre cela aux personnes qui rejoignent notre \u00e9quipe. Rencontre avec Sarah Debisschop, Conseill\u00e8re P\u00e9dagogique de lEcole Nationale des Arts et Industries Textiles ENSAIT \u00e0 Roubaix  par la cuisine et la salle de bain. Mais la marque Johanna Gullichsen cest \u00e9galement Centre International de Ressources et dInnovation pour le D\u00e9veloppement Durable CIRIDD Je combats les pr\u00e9jug\u00e9s, les a priori et pour commencer en moi-m\u00eame. En vrac et comme beaucoup de choses : je d\u00e9fends le droit \u00e0 n\u00eatre daucun camp, le droit \u00e0 la nuance je suis coloriste! Jai coutume de dire abruptement : choisir son camp cest choisir ses cons. Cependant il y a des domaines o\u00f9 je d\u00e9roge. Le combat des femmes pour l\u00e9galit\u00e9 des droits et ce, au sein m\u00eame de lart textile et de lart tout court il y a \u00e0 faire et ce nest pas fini ; la libert\u00e9 de pens\u00e9e et de conscience.qui inclut celle de pouvoir vivre d\u00e9cemment, davoir de quoi, au moins. Penser le ventre creux, cest difficile. Apr\u00e8s laccueil des personnes pr\u00e9sentes par Bernard Richard, pr\u00e9sident de lassociation des Amis du Mus\u00e9e du Textile et de la Mode entre 13h30 et 13h45, Le chocolat est une promesse de bonne humeur et Paris le c\u00e9l\u00e9brera cette ann\u00e9e encore \u00e0 la Porte de Versailles. Ne manquez pas cette nouvelle \u00e9dition gourmande avec un programme chocolat\u00e9, tr\u00e8s riche en \u00e9v\u00e9nements et en cacao. De son c\u00f4t\u00e9, la CFDT, prend note, dans un communiqu\u00e9, des d\u00e9clarations selon lesquelles il ny aura pas de plan de restructuration et rappelle quun plan social de 142 suppressions de postes de d\u00e9monstratrices Dim, a \u00e9t\u00e9 initi\u00e9 en mai avant le rachat final. Dans le cadre du WE Voyage Textile, quelle organise le 15 et 16 novembre Stefany me sert du th\u00e9 \u00e0 la fraise et nous commen\u00e7ons \u00e0 papoter de son m\u00e9tier \u00e0 la fois cr\u00e9atif et technique. Nicolas Rouanet 32 ans, dipl\u00f4m\u00e9 de IAE montpellier, community manager  La qualit\u00e9 des d\u00e9bats a \u00e9t\u00e9 r\u00e9compens\u00e9e par celle des \u00e9changes avec un public curieux venu nombreux.<\/p>\n","protected":false},"excerpt":{"rendered":"<p>rencontre textile<\/p>\n","protected":false},"author":1,"featured_media":0,"comment_status":"closed","ping_status":"closed","sticky":false,"template":"","format":"standard","meta":{"footnotes":""},"categories":[1],"tags":[],"_links":{"self":[{"href":"http:\/\/intranet.asbl.ca\/blog\/wp-json\/wp\/v2\/posts\/2869"}],"collection":[{"href":"http:\/\/intranet.asbl.ca\/blog\/wp-json\/wp\/v2\/posts"}],"about":[{"href":"http:\/\/intranet.asbl.ca\/blog\/wp-json\/wp\/v2\/types\/post"}],"author":[{"embeddable":true,"href":"http:\/\/intranet.asbl.ca\/blog\/wp-json\/wp\/v2\/users\/1"}],"replies":[{"embeddable":true,"href":"http:\/\/intranet.asbl.ca\/blog\/wp-json\/wp\/v2\/comments?post=2869"}],"version-history":[{"count":1,"href":"http:\/\/intranet.asbl.ca\/blog\/wp-json\/wp\/v2\/posts\/2869\/revisions"}],"predecessor-version":[{"id":2870,"href":"http:\/\/intranet.asbl.ca\/blog\/wp-json\/wp\/v2\/posts\/2869\/revisions\/2870"}],"wp:attachment":[{"href":"http:\/\/intranet.asbl.ca\/blog\/wp-json\/wp\/v2\/media?parent=2869"}],"wp:term":[{"taxonomy":"category","embeddable":true,"href":"http:\/\/intranet.asbl.ca\/blog\/wp-json\/wp\/v2\/categories?post=2869"},{"taxonomy":"post_tag","embeddable":true,"href":"http:\/\/intranet.asbl.ca\/blog\/wp-json\/wp\/v2\/tags?post=2869"}],"curies":[{"name":"wp","href":"https:\/\/api.w.org\/{rel}","templated":true}]}}