{"id":2873,"date":"2020-09-25T04:27:15","date_gmt":"2020-09-25T04:27:15","guid":{"rendered":"http:\/\/intranet.asbl.ca\/blog\/?p=2873"},"modified":"2020-09-21T04:46:44","modified_gmt":"2020-09-21T04:46:44","slug":"rencontres-de-violoncelle-de-belaye-2012","status":"publish","type":"post","link":"http:\/\/intranet.asbl.ca\/blog\/2020\/09\/25\/rencontres-de-violoncelle-de-belaye-2012\/","title":{"rendered":"Rencontres De Violoncelle De Belaye 2012"},"content":{"rendered":"<p>Invit\u00e9 \u00e0 se produire en soliste avec des orchestres comme le Bayerische Rundfunk, le Philharmonique de Tokyo, la Philharmonie de Prague, le Philharmonique de Saint-Petersbourg, ou diff\u00e9rents orchestres fran\u00e7ais dont r\u00e9guli\u00e8rement lOrchestre dAuvergne, Nicolas sest produit dans des salles telles que la Cit\u00e9 de la musique \u00e0 Paris, Carnegie Hall le Palais des Beaux-Arts de Bruxelles, la Philharmonie de Cologne, le Konzerthaus de Vienne, le Mozarteum de Salzbourg ou le Concertgebouw dAmsterdam o\u00f9 il est r\u00e9guli\u00e8rement invit\u00e9. Parmi ses tr\u00e8s nombreux partenaires de musique de chambre, citons Bertrand Chamayou, Michel Dalberto, Claire-Marie Le Guay, Alexandre Tharaud, Antoine Tamestit, Alexei Ogrintchouk, David Guerrier, Magali Mosnier,le Quatuor Modigliani, le Quatuor Eb\u00e8ne. Nicolas pratique \u00e9galement la clarinette classique et a collabor\u00e9 avec le Concert dAstr\u00e9e et Emmanuelle Ha\u00efm, avec qui plusieurs projets sont d\u00e9sormais en cours. A \u00e9tudi\u00e9 le violoncelle avec Victor Jakovcic, Mez Laslo du quatuor Bartok, Andr\u00e9 Navarra, Maurice Gendron, et la musique de chambre avec Rados Ferenc et Gyorgy Kurtag. Jusquen 1999, il a v\u00e9cu et travaill\u00e9 en ex-Yougoslavie o\u00f9 il a \u00e9t\u00e9 professeur de violoncelle et de musique de chambre \u00e0 Novi Sad et Belgrade, ainsi que responsable du d\u00e9partement de cordes de lacad\u00e9mie des arts de Novi Sad. Il a \u00e9galement cr\u00e9\u00e9 et dirig\u00e9 lorchestre de chambre Camerata Academica, qui au m\u00eame moment est devenu lun des orchestres les plus appr\u00e9ci\u00e9s de lex-Yougoslavie, particuli\u00e8rement dans le r\u00e9pertoire contemporain. Directrice artistique du Festival International de Marimba et Percussions de Bulgarie et de lensemble Paris Percussion Group avec Jean-Baptiste Lecl\u00e8re, elle \u00e0 c\u0153ur de d\u00e9fendre le r\u00e9pertoire de la percussion dans le monde entier. DAtes de pr\u00e9sence : du 25 juillet au 1er ao\u00fbt 2015 Publi\u00e9 dans Mots-cl\u00e9s :,, At sixteen, Charlotte left the UK to study at the Idyllwild Arts Academy in Southern California with Todor Pelev. She won the ABRSM scholarship to complete her bachelors degree with Maciej Rakowski, David Adams and Itzhak Rashkovsky as her teachers at the Royal Northern College of Music and the Royal Welsh College of Music and Drama-Charlotte has been fortunate enough to receive solo masterclasses from Midori Got\u014d, Roland and Almita Vamos, G\u00e9rard Poulet, Daniel Phillips, Eugene Drucker, Nicola Benedetti and Hilary Hahn. She enjoys a varied freelance career as a soloist, chamber musician and an orchestral player. She has performed as a soloist and chamber musician in UK concert halls such as St John Smith Square, St. Martin-in-the-Fields, the Royal Albert Hall, Buckingham Palace, St Georges Brandon Hill, St. Davids Hall, The Welsh Millennium Centre, the Dora Stoutzker Hall and Birmingham Symphony Hall. Jeunes laur\u00e9ats 2017, lun 1er Prix du concours international de violon A. Glazunov, lautre Pianiste Soliste Pro Musicis, Fran\u00e7ois Pineau-Benois et Guilhem Fabre enregistrent leur premier album d\u00e9di\u00e9 \u00e0 la musique du grand chef des Ballets Russes Nikola\u00ef Tcherepnine et celle de son \u00e9l\u00e8ve, Serge Prokofiev.  Les premi\u00e8res photos de cette nouvelle ann\u00e9e pour vous souhaiter lann\u00e9e la <img decoding=\"async\" src=\"http:\/\/www.testars.cf\/files\/users\/bands\/3000\/3225\/covers\/MICHAEL-ROMEO_War-Of-The-Worlds-Pt-1.jpg\" alt=\"rencontres de violoncelle de belaye 2012\" align=\"right\"> Cest la partie droite qui est la plus importante au violoncelle si jai bien compris. Ok si vous avez un lien avec la famille prenz contact avec lassociation Jean-Gabriel Perboyre a ladresse suivante: Le Puech <img decoding=\"async\" src=\"http:\/\/s2.dmcdn.net\/AGGYm\/1280x720-veG.jpg\" alt=\"rencontres de violoncelle de belaye 2012\" align=\"center\"> Figeac Municipales 2020 : Figeac Autrement pr\u00eat pour le d\u00e9bat Sauzet : Un distributeur multifonctions design, pratique et made in Lot! Depuis trois ans, le collectif f\u00e9ministe La Barbe Toulouse multiplie les actions symboliques dans les lieux de pouvoir Rencontre. <img decoding=\"async\" src=\"http:\/\/www.excellent.dressyourboyfriend.com\/sites\/default\/files\/titre\/07-savoirenfin.png\" alt=\"rencontres de violoncelle de belaye 2012\" align=\"right\"> Depuis, il chante sous la direction de chefs tels que Giuliano Carella, Marco Guidarini, Alain Guingal, John Nelson, Jacques Lacombe, Alberto Zedda, Alain Altinoglu, Michel Plasson et Georges Pr\u00eatre, dans des mises en sc\u00e8ne dAntoine Bourseiller, Bernard Broca, Jean-Louis Grinda, Pier Luigi Pizzi, Ian Judge, Brontis Jodorowsky, Laurent Pelly et J\u00e9r\u00f4me Savary. Les riverains des Ramassiers ont attaqu\u00e9 la mairie de Colomiers devant le Tribunal administratif, le 17 juin dernier, au sujet du 3e d\u00e9p\u00f4t de bus. Pierre Bessi\u00e8re publie le palmar\u00e8s du 2\u00e8me tour de lAllier de la coupe Jean Passemard, tir\u00e9 au stand de la Guillaumette, \u00e0 Dom\u00e9rat, le samedi 16 f\u00e9vrier 2019. Gr\u00e2ce \u00e0 vos commentaires on aura peut-\u00eatre..Un ptit plus pour le Rep\u00e9r\u00e9e \u00e0 loccasion de plusieurs concours Bellan, Marie Cantagrill, Jeunes Solistes de la Sorbonne, Camille Fonteneau se produit lors de divers concerts, en musique de chambre, en soliste, ou au sein dorchestres Prom\u00e9th\u00e9e, Ostinato, OFJ dans de nombreux pays Europe, Etats-Unis, Inde, Isra\u00ebl..   Du 4 au 14 juillet 2014 aura lieu la 24\u00e8me \u00e9dition du festival musical Juventus \u00e0 Cambrai : des concerts de musique de chambre dune qualit\u00e9 rare. En 2015, elle enregistre un CD consacr\u00e9 aux grands trios romantiques paru chez VIP conseils. Un compte Tapez Cathfd dans le moteur de recherche. Inscrivez-vous pour.<\/p>\n","protected":false},"excerpt":{"rendered":"<p>rencontres de violoncelle de belaye 2012<\/p>\n","protected":false},"author":1,"featured_media":0,"comment_status":"closed","ping_status":"closed","sticky":false,"template":"","format":"standard","meta":{"footnotes":""},"categories":[1],"tags":[],"_links":{"self":[{"href":"http:\/\/intranet.asbl.ca\/blog\/wp-json\/wp\/v2\/posts\/2873"}],"collection":[{"href":"http:\/\/intranet.asbl.ca\/blog\/wp-json\/wp\/v2\/posts"}],"about":[{"href":"http:\/\/intranet.asbl.ca\/blog\/wp-json\/wp\/v2\/types\/post"}],"author":[{"embeddable":true,"href":"http:\/\/intranet.asbl.ca\/blog\/wp-json\/wp\/v2\/users\/1"}],"replies":[{"embeddable":true,"href":"http:\/\/intranet.asbl.ca\/blog\/wp-json\/wp\/v2\/comments?post=2873"}],"version-history":[{"count":1,"href":"http:\/\/intranet.asbl.ca\/blog\/wp-json\/wp\/v2\/posts\/2873\/revisions"}],"predecessor-version":[{"id":2874,"href":"http:\/\/intranet.asbl.ca\/blog\/wp-json\/wp\/v2\/posts\/2873\/revisions\/2874"}],"wp:attachment":[{"href":"http:\/\/intranet.asbl.ca\/blog\/wp-json\/wp\/v2\/media?parent=2873"}],"wp:term":[{"taxonomy":"category","embeddable":true,"href":"http:\/\/intranet.asbl.ca\/blog\/wp-json\/wp\/v2\/categories?post=2873"},{"taxonomy":"post_tag","embeddable":true,"href":"http:\/\/intranet.asbl.ca\/blog\/wp-json\/wp\/v2\/tags?post=2873"}],"curies":[{"name":"wp","href":"https:\/\/api.w.org\/{rel}","templated":true}]}}