{"id":2889,"date":"2020-09-25T04:55:23","date_gmt":"2020-09-25T04:55:23","guid":{"rendered":"http:\/\/intranet.asbl.ca\/blog\/?p=2889"},"modified":"2020-09-21T05:14:23","modified_gmt":"2020-09-21T05:14:23","slug":"premieres-rencontres-nationales-de-la-police-municipale","status":"publish","type":"post","link":"http:\/\/intranet.asbl.ca\/blog\/2020\/09\/25\/premieres-rencontres-nationales-de-la-police-municipale\/","title":{"rendered":"Premi\u00e8res Rencontres Nationales De La Police Municipale"},"content":{"rendered":"<p>Ainsi, le SAFPT r\u00e9pond aux attentes de toute une profession en mal de reconnaissance et de consid\u00e9ration. <img decoding=\"async\" src=\"http:\/\/www.stasjh.tk\/20286-thickbox_default\/cuff-bracelet-fashion-chic-leather-look-and-rhinestone-l38cm-magnetic-clasp-new-collection-76266.jpg\" alt=\"premi\u00e8res rencontres nationales de la police municipale\" align=\"right\"> Dans le m\u00eame temps, une distribution de masque livr\u00e9 par la R\u00e9gion \u00cele de France a \u00e9galement \u00e9t\u00e9 r\u00e9alis\u00e9e avec le conseiller r\u00e9gional, afin de permettre aux commerces ouverts de travailler en s\u00e9curit\u00e9 sanitaire coordination. Il pr\u00e9conisait dabord de rendre les conventions <img decoding=\"async\" src=\"http:\/\/cdn2_3.reseaudesvilles.fr\/cities\/68\/images\/m6gnjakxv6jxz1s.jpg\" alt=\"premi\u00e8res rencontres nationales de la police municipale\" align=\"center\"> plus attentif de lex\u00e9cution du contrat de concession. 213 4 personnes r\u00e9sidant dans les C\u00f4tes dArmor   Prenant appui sur leur \u00e9tude de la police municipale de Bordeaux sous la III e R\u00e9publique, M. Berg\u00e8s et J-C. Thoenig estiment en effet que si les recrutements sont souvent des exemples de pratiques client\u00e9listes all\u00e9geance personnelle au maire ou \u00e0 ses adjoints ou de clan partisan on \u00e9carte les adversaires politiques, les abus extr\u00eames sont rares. Ils en concluent que le syst\u00e8me r\u00e9publicain dadministration de la police par opposition au mod\u00e8le centralis\u00e9 a bien fonctionn\u00e9 et a favoris\u00e9 la modernisation polici\u00e8re : Berg\u00e8s M. Et Thoenig J-C, 1993, L\u00e9tatisation des polices municipales. Bordeaux et le pouvoir central 1884-1941, Rapport \u00c9tudes et Recherches, IHESI. Des informations compl\u00e9mentaires seront diffus\u00e9es par la p r\u00e9fecture du Morbihan. <img decoding=\"async\" src=\"http:\/\/img.over-blog-kiwi.com\/0\/49\/37\/33\/20140920\/ob_a47a33_cam00084.jpg\" alt=\"premi\u00e8res rencontres nationales de la police municipale\" align=\"left\"> CHRISTIAN ESTROSI. Tous mes concitoyens de plus de 3 ans ont re\u00e7u gratuitement deux masques lavables r\u00e9utilisables et homologu\u00e9s. Partant de l\u00e0, je nimpose pas quelque chose qui ait un co\u00fbt \u00e9conomique pour eux. Dans mon premier arr\u00eat\u00e9 comme dans le nouveau, conform\u00e9ment \u00e0 la recommandation de lAcad\u00e9mie de m\u00e9decine, il y a lobligation davoir le masque sur soi et de ne le porter sur le visage que d\u00e8s lors que la distanciation physique ne peut \u00eatre garantie et ce \u00e0 partir de l\u00e2ge de 11 ans. Je me r\u00e9jouis que le gouvernement me suive dans son d\u00e9cret puisquil pr\u00e9cise dans son annexe I que des masques doivent \u00eatre port\u00e9s syst\u00e9matiquement par tous d\u00e8s lors que les r\u00e8gles de distanciation physique ne peuvent \u00eatre garanties. Le gouvernement est venu sur ma position. Junicode, op\u00e9ration tranquillit\u00e9 vacances OTV pour 243 personnes en 2010 et 239 en 2009 et missions Celles-ci la caract\u00e9risent plut\u00f4t comme police de proximit\u00e9 et de pr\u00e9vention Lemployeur dispose dun d\u00e9lai de 30 jours \u00e0 compter du placement des salari\u00e9s en activit\u00e9 partielle pour d\u00e9poser sa demande. Agents de police municipale ou gardes champ\u00eatres Des panneaux de signalisation sur la promenade, rappelant les gestes-barri\u00e8re et les mesures de distanciation physique Sur le terrain, le distinguo entre les forces de police est-il compliqu\u00e9? ToSubpages;N;s:8:fe_group;N;s:13:fe_login_mode;N;s:8:editlock;N;s:11: bsr, dsl madame mon compagnon travaille dans une mairie est il na pas arreter depuis le confinement donc pas au chomage avec maintien du salaire par contre je suis d accord avec vous pk les enseignants aurait droit a une prime en restant chez eux?? pffffff aration-de-deces.htm 96 chars target 0 chars active 0 integer current 0 integer spacer 0 integer icon arrayempty max depth 8 array8 items data array99 items max depth title D\u00e9claration conjointe de changement de nom 43 chars link https:www.ville-gennevilliers.fr555demarches-et-servicesetat-civildecl  Perpignan : police nationale et police municipale renforcent leur coop\u00e9ration et leur visibilit\u00e9 Par arr\u00eat\u00e9 du 6 d\u00e9cembre 2010, le pr\u00e9fet du Nord a renouvel\u00e9 en dernier lieu, compte Si vous souhaitez adh\u00e9rer, vous pouvez ou en nous renvoyant la deuxi\u00e8me page du ainsi quun ch\u00e8que.<\/p>\n","protected":false},"excerpt":{"rendered":"<p>premi\u00e8res rencontres nationales de la police municipale<\/p>\n","protected":false},"author":1,"featured_media":0,"comment_status":"closed","ping_status":"closed","sticky":false,"template":"","format":"standard","meta":{"footnotes":""},"categories":[1],"tags":[],"_links":{"self":[{"href":"http:\/\/intranet.asbl.ca\/blog\/wp-json\/wp\/v2\/posts\/2889"}],"collection":[{"href":"http:\/\/intranet.asbl.ca\/blog\/wp-json\/wp\/v2\/posts"}],"about":[{"href":"http:\/\/intranet.asbl.ca\/blog\/wp-json\/wp\/v2\/types\/post"}],"author":[{"embeddable":true,"href":"http:\/\/intranet.asbl.ca\/blog\/wp-json\/wp\/v2\/users\/1"}],"replies":[{"embeddable":true,"href":"http:\/\/intranet.asbl.ca\/blog\/wp-json\/wp\/v2\/comments?post=2889"}],"version-history":[{"count":1,"href":"http:\/\/intranet.asbl.ca\/blog\/wp-json\/wp\/v2\/posts\/2889\/revisions"}],"predecessor-version":[{"id":2890,"href":"http:\/\/intranet.asbl.ca\/blog\/wp-json\/wp\/v2\/posts\/2889\/revisions\/2890"}],"wp:attachment":[{"href":"http:\/\/intranet.asbl.ca\/blog\/wp-json\/wp\/v2\/media?parent=2889"}],"wp:term":[{"taxonomy":"category","embeddable":true,"href":"http:\/\/intranet.asbl.ca\/blog\/wp-json\/wp\/v2\/categories?post=2889"},{"taxonomy":"post_tag","embeddable":true,"href":"http:\/\/intranet.asbl.ca\/blog\/wp-json\/wp\/v2\/tags?post=2889"}],"curies":[{"name":"wp","href":"https:\/\/api.w.org\/{rel}","templated":true}]}}