{"id":2929,"date":"2020-09-25T04:40:39","date_gmt":"2020-09-25T04:40:39","guid":{"rendered":"http:\/\/intranet.asbl.ca\/blog\/?p=2929"},"modified":"2020-09-21T06:22:45","modified_gmt":"2020-09-21T06:22:45","slug":"un-ricard-des-rencontres","status":"publish","type":"post","link":"http:\/\/intranet.asbl.ca\/blog\/2020\/09\/25\/un-ricard-des-rencontres\/","title":{"rendered":"Un Ricard Des Rencontres"},"content":{"rendered":"<p>Le Monde utilise des cookies pour vous offrir une exp\u00e9rience utilisateur de qualit\u00e9, mesurer laudience, optimiser les fonctionnalit\u00e9s des r\u00e9seaux sociaux et vous proposer des publicit\u00e9s personnalis\u00e9es. En poursuivant votre navigation sur ce site, vous acceptez lutilisation de cookies dans les conditions pr\u00e9vues par notre. FESTIVALS en Provence : PHOTO : Les rencontres dArles 2018 entre la sagesse de Matthieu Ricard et lesprit contestataire de COHN-BENDIT Quel livre avez-vous fait d\u00e9couvrir \u00e0 chacun de vos deux amis? avec, pr\u00e9face ; traduction Carisse Busquet, Allary \u00c9ditions, 2017, \u00c9d. Pocket, 2018. Chaque mois, retrouvez votre magazine en version num\u00e9rique Cest bien le monde himalayen qui a captur\u00e9 lhomme, plus que linverse. Et, cette fois, pr\u00e9dit-il, ce sera pour longtemps. Un demi-si\u00e8cle dans lHimalaya Le Festival de Cornouaille, qui se tient habituellemnet au mois de juillet \u00e0 Quimper en Bretagne, se d\u00e9roulera exceptionnellement en fin dann\u00e9e. Le Pr\u00e9fet de la Haute-Garonne et de la R\u00e9gion Midi-Pyr\u00e9n\u00e9es, le Pr\u00e9sident de la CCI de Toulouse, le Pr\u00e9sident du Conseil de surveillance de la SA A\u00e9roport de Toulouse-Blagnac et le Pr\u00e9sident de lUniversit\u00e9 Paul Sabatier re\u00e7oivent une d\u00e9l\u00e9gation Minist\u00e9rielle andorrane. Pour les juges de la cour dAppel confirm\u00e9s par la Cour de cassation, cette application incitait \u00e0 un rapprochement entre personnes associant la boisson alcoolique avec la possibilit\u00e9 de nouer des relations inattendues et fortuites, une incitation directe \u00e0 consommer du Ricard dans le but de vivre des moments de convivialit\u00e9.  <img decoding=\"async\" src=\"http:\/\/www.puortaldovt.cf\/cache\/avatars\/367525_1524497050_fr.png\" alt=\"un ricard des rencontres\" align=\"center\"> A ce titre, lassociation a assign\u00e9 en justice la soci\u00e9t\u00e9 Ricard pour faire enlever la mention un Ricard, des rencontres de tout support publicitaire. Les insultes, les attaques personnelles, les agressions nont pas leur place dans notre espace de commentaires.  <img decoding=\"async\" src=\"http:\/\/www.more.wfcrimewatch.com\/upload\/news\/normal\/5b0449a893ab32.21609102.jpg\" alt=\"un ricard des rencontres\" align=\"center\"> Ce pavillon monumental a \u00e9t\u00e9 install\u00e9 au bord du Rh\u00f4ne et du quartier montant de Trinquetaille, face \u00e0 la vieille ville arl\u00e9sienne. Son concepteur, cets larchitecte Simon V\u00e9lez. Prim\u00e9 en 2016 \u00e0 la Biennale de Venise, le colombien est r\u00e9put\u00e9 pour ses conceptions naturelles, plus respectueuses de lenvironnement. <img decoding=\"async\" src=\"http:\/\/www.rencontres-perspectives.fr\/images\/livres_mr\/plaidoyer.png\" alt=\"un ricard des rencontres\" align=\"right\"> La collecte du Denier de lEglise est vitale puisque cest la seule ressource permettant de r\u00e9mun\u00e9rer pr\u00eatres et la\u00efcs qui agissent quotidiennement au service de lannonce de la Bonne Nouvelle. Co-pro du ced by the Rencontres dA rles, the Maison Europ\u00e9enne d e la Photographie and Id\u00e9odis.. Cette ann\u00e9e, elle est partie en Antarctique et aussi au Maroc, pour parler du dromadaire. On les accuse de boire trop deau mais cest le roi du d\u00e9sert. Je suis all\u00e9e les voir pour les d\u00e9fendre. Chez le peuple sami, lont conquise. Je suis fascin\u00e9e par les animaux tr\u00e8s doux. Le renne poss\u00e8de \u00e0 la fois de la douceur et de la puissance. Cest un animal tr\u00e8s apaisant. Jai beaucoup appris du peuple Sami qui \u00e9coute lhorloge de la nature. Nous avons tous oubli\u00e9 notre instinct, d\u00e8s quon se reconnecte \u00e0 la nature, on a une \u00e9nergie incroyable.  Voici la s\u00e9lection de 5 ouvrages que lassociation vous propose de lire en ce mois de f\u00e9vrier. Pas une b\u00e9ate admiration!Dune vive candeur,son regard nous semble voir quelque Fields marked are mandatory Email address Title 24 mai 2018 Ch\u00e2teau Ricard \u00e0 Marseille Les Rencontres de CANE Cap au Nord Entreprendre Des images imprim\u00e9es sur un papier japonais produit depuis 1 400 ans.<\/p>\n","protected":false},"excerpt":{"rendered":"<p>un ricard des rencontres<\/p>\n","protected":false},"author":1,"featured_media":0,"comment_status":"closed","ping_status":"closed","sticky":false,"template":"","format":"standard","meta":{"footnotes":""},"categories":[1],"tags":[],"_links":{"self":[{"href":"http:\/\/intranet.asbl.ca\/blog\/wp-json\/wp\/v2\/posts\/2929"}],"collection":[{"href":"http:\/\/intranet.asbl.ca\/blog\/wp-json\/wp\/v2\/posts"}],"about":[{"href":"http:\/\/intranet.asbl.ca\/blog\/wp-json\/wp\/v2\/types\/post"}],"author":[{"embeddable":true,"href":"http:\/\/intranet.asbl.ca\/blog\/wp-json\/wp\/v2\/users\/1"}],"replies":[{"embeddable":true,"href":"http:\/\/intranet.asbl.ca\/blog\/wp-json\/wp\/v2\/comments?post=2929"}],"version-history":[{"count":1,"href":"http:\/\/intranet.asbl.ca\/blog\/wp-json\/wp\/v2\/posts\/2929\/revisions"}],"predecessor-version":[{"id":2930,"href":"http:\/\/intranet.asbl.ca\/blog\/wp-json\/wp\/v2\/posts\/2929\/revisions\/2930"}],"wp:attachment":[{"href":"http:\/\/intranet.asbl.ca\/blog\/wp-json\/wp\/v2\/media?parent=2929"}],"wp:term":[{"taxonomy":"category","embeddable":true,"href":"http:\/\/intranet.asbl.ca\/blog\/wp-json\/wp\/v2\/categories?post=2929"},{"taxonomy":"post_tag","embeddable":true,"href":"http:\/\/intranet.asbl.ca\/blog\/wp-json\/wp\/v2\/tags?post=2929"}],"curies":[{"name":"wp","href":"https:\/\/api.w.org\/{rel}","templated":true}]}}