{"id":2975,"date":"2020-09-25T02:41:32","date_gmt":"2020-09-25T02:41:32","guid":{"rendered":"http:\/\/intranet.asbl.ca\/blog\/?p=2975"},"modified":"2020-09-21T07:18:31","modified_gmt":"2020-09-21T07:18:31","slug":"rencontres-franco-allemandes-cologne","status":"publish","type":"post","link":"http:\/\/intranet.asbl.ca\/blog\/2020\/09\/25\/rencontres-franco-allemandes-cologne\/","title":{"rendered":"Rencontres Franco Allemandes Cologne"},"content":{"rendered":"<p>Steffen : Notre deuxi\u00e8me enfant Et surtout des vacances dans le sud. Peut-\u00eatre sans notre fils, car m\u00eame si on laime beaucoup, du temps \u00e0 deux nous manque pas mal..  Cf. Andreas Meier, Reverenz an,nichtamerikanisierte Deutsche. Deutsch-Franz\u00f6sisches Jugendwerk schloss in Potsdam seine Antrittsbesuche ab, Neue Zeit, 30 avril 1991.  Le 50 e Anniversaire du trait\u00e9 de l\u00c9lys\u00e9e et les relations franco-allemandes les animaux de compagnie ne sont pas admis dans la salle du restaurant Les jeunes dans les relations transnationales-Lint\u00e9gration des nouveaux L\u00e4nder dans les structures et les programmes de lOFAJ-Presses Sorbonne Nouvelle Diner avec Emmanuel Renaut pour les 20 ans de Flocons de Sel, Meg\u00e8ve Bonjour \u00e0 toutes et \u00e0 tous et bienvenue sur le Podcast de Connexion-Emploi, l\u00e9mission qui part \u00e0 la d\u00e9couverte de celles et ceux qui ont travers\u00e9 le Rhin pour leur travail. Aujourdhui, nous allons partir \u00e0 la rencontre de Hugo Fonfon. Pour donner la structure binationale qui fonctionne encore aujourdhui. Le refus de lid\u00e9ologie fasciste et nationale-socialiste est un trait commun fondamental aux deux hommes, m\u00eame si leur combat prend des formes diff\u00e9rentes. Capri Palace, Extravagancia by Enzo Caldareli, Naples Italie <img decoding=\"async\" src=\"http:\/\/www.lepoint.fr\/images\/2016\/05\/06\/3842058lpw-3844563-jpg_3532178.jpg\" alt=\"rencontres franco allemandes cologne\" align=\"center\"> Radio France Inter : Emus aux larmes, Nicolas Demorand et L\u00e9a Salam\u00e9 rendent hommage \u00e0.. <img decoding=\"async\" src=\"http:\/\/www.noirrougejaune.com\/wp-content\/uploads\/2016\/03\/cologne-rencontre-mundo-lingo-300x188.png\" alt=\"rencontres franco allemandes cologne\" align=\"right\"> Du 4 au 9 septembre 1962, le g\u00e9n\u00e9ral de Gaulle parcourt lAllemagne et y prononce une dizaine de discours dont 6 en allemand appris par c\u0153ur, suscitant une vague denthousiasme en Allemagne. Son discours \u00e0 la jeunesse, prononc\u00e9 le 9 septembre au ch\u00e2teau de est le v\u00e9ritable lancement de lamiti\u00e9 franco-allemande scell\u00e9e peu apr\u00e8s par le.  Dans le cadre plus g\u00e9n\u00e9ral de lamiti\u00e9 entre les peuples, lAllemagne a souvent \u00e9t\u00e9 favoris\u00e9e, notamment dans les programmes de et d\u00e9change entre villes fran\u00e7aises et villes allemandes. La coop\u00e9ration technique et \u00e9conomique L\u00e9glise Saint-Pierre, \u00e0 Calais, a subi le 28 mars, lendemain de P\u00e2ques, des d\u00e9gradations intentionnelles dune Wikipedia est une marque d\u00e9pos\u00e9e de la, organisation de bienfaisance r\u00e9gie par le paragraphe du code fiscal des \u00c9tats-Unis. Borussia Dortmund Schalke 04 15h30 : en direct sur Eleven Sports 1 petit pont du passeur sentier sous-bois \u00e0 la baignoire bucolique chambre c\u00e9l\u00e9brant la source. L\u00e9v\u00e9nement doit \u00e9galement \u00eatre repouss\u00e9e \u00e0 2021 en raison de Corona. <img decoding=\"async\" src=\"http:\/\/2.bp.blogspot.com\/-nq3ukHpa4CE\/UWxPKTlhcJI\/AAAAAAAAH64\/VjBYZ5mgMWU\/s1600\/photo-1.JPG\" alt=\"rencontres franco allemandes cologne\" align=\"right\"> defforts et \u00e0 prendre un r\u00f4le actif dans le d\u00e9veloppement.<\/p>\n","protected":false},"excerpt":{"rendered":"<p>rencontres franco allemandes cologne<\/p>\n","protected":false},"author":1,"featured_media":0,"comment_status":"closed","ping_status":"closed","sticky":false,"template":"","format":"standard","meta":{"footnotes":""},"categories":[1],"tags":[],"_links":{"self":[{"href":"http:\/\/intranet.asbl.ca\/blog\/wp-json\/wp\/v2\/posts\/2975"}],"collection":[{"href":"http:\/\/intranet.asbl.ca\/blog\/wp-json\/wp\/v2\/posts"}],"about":[{"href":"http:\/\/intranet.asbl.ca\/blog\/wp-json\/wp\/v2\/types\/post"}],"author":[{"embeddable":true,"href":"http:\/\/intranet.asbl.ca\/blog\/wp-json\/wp\/v2\/users\/1"}],"replies":[{"embeddable":true,"href":"http:\/\/intranet.asbl.ca\/blog\/wp-json\/wp\/v2\/comments?post=2975"}],"version-history":[{"count":1,"href":"http:\/\/intranet.asbl.ca\/blog\/wp-json\/wp\/v2\/posts\/2975\/revisions"}],"predecessor-version":[{"id":2976,"href":"http:\/\/intranet.asbl.ca\/blog\/wp-json\/wp\/v2\/posts\/2975\/revisions\/2976"}],"wp:attachment":[{"href":"http:\/\/intranet.asbl.ca\/blog\/wp-json\/wp\/v2\/media?parent=2975"}],"wp:term":[{"taxonomy":"category","embeddable":true,"href":"http:\/\/intranet.asbl.ca\/blog\/wp-json\/wp\/v2\/categories?post=2975"},{"taxonomy":"post_tag","embeddable":true,"href":"http:\/\/intranet.asbl.ca\/blog\/wp-json\/wp\/v2\/tags?post=2975"}],"curies":[{"name":"wp","href":"https:\/\/api.w.org\/{rel}","templated":true}]}}