{"id":3029,"date":"2020-09-25T20:08:35","date_gmt":"2020-09-25T20:08:35","guid":{"rendered":"http:\/\/intranet.asbl.ca\/blog\/?p=3029"},"modified":"2020-09-21T08:47:53","modified_gmt":"2020-09-21T08:47:53","slug":"vendee-globe-rencontre","status":"publish","type":"post","link":"http:\/\/intranet.asbl.ca\/blog\/2020\/09\/25\/vendee-globe-rencontre\/","title":{"rendered":"Vend\u00e9e Globe Rencontre"},"content":{"rendered":"<p>Le Vend\u00e9e Globe 2020, cest d\u00e9j\u00e0 demain \u00c0 un peu plus dun an du d\u00e9part, toutes les \u00e9quipes sont au four et au moulin : mise au point des bateaux, pr\u00e9paration des prochaines courses avec en ligne de mire imm\u00e9diate la Transat Jacques Vabre, renforcement des \u00e9quipes. De son c\u00f4t\u00e9 la SAEM Vend\u00e9e monte en puissance progressivement de mani\u00e8re \u00e0 \u00eatre fin pr\u00eate en temps voulu., 5 d\u00e9cembre 2016 consult\u00e9 le 5 d\u00e9cembre 2016. La mission Proxima rencontre le Vend\u00e9e Globe, Thomas Pesquet salue le retour de Tanguy de Lamotte-LUsine A\u00e9ro Samedi en direct sur Teleclub : RCD Majorque-FC Barcelone  COURRI\u00c8RES Un navigateur du Vend\u00e9e Globe en escale \u00e0 l\u00e9cole Berlinguez Newsletter Sport : Recevez chaque jour toutes les infos sportives Conditions de paiement 2018 Adrena software. Tous droits r\u00e9serv\u00e9s cr\u00e9ation. Lunique diff\u00e9rence entre un fou et moi, cest que moi je ne suis pas fou, devisait le surr\u00e9aliste catalan. Pareil dans mon cas, se marre Le Cam. Vous \u00eates amateurs, connaisseurs, passionn\u00e9s de cette course autour du monde aussi connue sous le nom d Everest des Mers? Your browser does not support JavaScript! Please enable it to use our website! H\u00f4tel de la r\u00e9gion 1, rue de la Loire 44966 Nantes Cedex 9 <img decoding=\"async\" src=\"http:\/\/jacuber.j.a.pic.centerblog.net\/xos09qhj.jpg\" alt=\"vend\u00e9e globe rencontre\" align=\"right\">  Rencontre avec Thomas Ruyant, skipper dunkerquois qui pr\u00e9pare le Vend\u00e9e Globe Omnisport Vend\u00e9e Globe : Rencontre matinale entre Mirabaud et SynerCiel Il nous a tout expliqu\u00e9. Jai bien aim\u00e9 comment il mangeait : c\u00e9tait tr\u00e8s rigolo.. Il ne dormait m\u00eame pas deux heures, il devait constamment surveiller les bateaux des autres.  Son engagement dans la course au large se poursuit et se concentre sur le circuit IMOCA avec lImoca APIVIA et sur le circuit Figaro B\u00e9n\u00e9teau avec le programme Skipper Macif, avec MerConcept \u00e0 ses c\u00f4t\u00e9s. <img decoding=\"async\" src=\"http:\/\/journal-diagonale.fr\/wp-content\/uploads\/2016\/05\/Capture-plein-%C3%A9cran-18052016-112229.jpg\" alt=\"vend\u00e9e globe rencontre\" align=\"right\"> Id\u00e9es de sorties, actualit\u00e9 touristique : Abonnez vous!, 25 novembre 2016 consult\u00e9 le 25 novembre 2016. <img decoding=\"async\" src=\"http:\/\/ecoles33.ac-bordeaux.fr\/Lege-Bourg\/Eco%20Ecole\/Sorties%20et%20animations\/L'eau%20en%20partage%20Arcachon\/P1080418.JPG\" alt=\"vend\u00e9e globe rencontre\" align=\"left\">.<\/p>\n","protected":false},"excerpt":{"rendered":"<p>vend\u00e9e globe rencontre<\/p>\n","protected":false},"author":1,"featured_media":0,"comment_status":"closed","ping_status":"closed","sticky":false,"template":"","format":"standard","meta":{"footnotes":""},"categories":[1],"tags":[],"_links":{"self":[{"href":"http:\/\/intranet.asbl.ca\/blog\/wp-json\/wp\/v2\/posts\/3029"}],"collection":[{"href":"http:\/\/intranet.asbl.ca\/blog\/wp-json\/wp\/v2\/posts"}],"about":[{"href":"http:\/\/intranet.asbl.ca\/blog\/wp-json\/wp\/v2\/types\/post"}],"author":[{"embeddable":true,"href":"http:\/\/intranet.asbl.ca\/blog\/wp-json\/wp\/v2\/users\/1"}],"replies":[{"embeddable":true,"href":"http:\/\/intranet.asbl.ca\/blog\/wp-json\/wp\/v2\/comments?post=3029"}],"version-history":[{"count":1,"href":"http:\/\/intranet.asbl.ca\/blog\/wp-json\/wp\/v2\/posts\/3029\/revisions"}],"predecessor-version":[{"id":3030,"href":"http:\/\/intranet.asbl.ca\/blog\/wp-json\/wp\/v2\/posts\/3029\/revisions\/3030"}],"wp:attachment":[{"href":"http:\/\/intranet.asbl.ca\/blog\/wp-json\/wp\/v2\/media?parent=3029"}],"wp:term":[{"taxonomy":"category","embeddable":true,"href":"http:\/\/intranet.asbl.ca\/blog\/wp-json\/wp\/v2\/categories?post=3029"},{"taxonomy":"post_tag","embeddable":true,"href":"http:\/\/intranet.asbl.ca\/blog\/wp-json\/wp\/v2\/tags?post=3029"}],"curies":[{"name":"wp","href":"https:\/\/api.w.org\/{rel}","templated":true}]}}