{"id":3047,"date":"2020-09-25T05:55:05","date_gmt":"2020-09-25T05:55:05","guid":{"rendered":"http:\/\/intranet.asbl.ca\/blog\/?p=3047"},"modified":"2020-09-21T09:30:36","modified_gmt":"2020-09-21T09:30:36","slug":"rencontre-mondiale-des-familles-2012","status":"publish","type":"post","link":"http:\/\/intranet.asbl.ca\/blog\/2020\/09\/25\/rencontre-mondiale-des-familles-2012\/","title":{"rendered":"Rencontre Mondiale Des Familles 2012"},"content":{"rendered":"<p>Constance Colonna-Cesari, Beno\u00eet XVI : les cl\u00e9s dune vie, \u00e9d. Philippe Rey, 2005 En cliquant sur OK, vous acceptez de recevoir chaque mois la newsletter de lInstitut Pasteur. Le Dr Escudier en direct du 48\u00e8me congr\u00e8s annuel de lASCO  Nous sommes \u00e0 votre disposition! Vous avez des questions ou des remarques? Contactez-nous! mortalit\u00e9, indicateur conjoncturel de f\u00e9condit\u00e9 et esp\u00e9rance de Membre du Conseil scientifique de lEcole doctorale de droit compar\u00e9 de lUniversit\u00e9 Panth\u00e9on-Sorbonne Paris I. Gyn\u00e9cologue Obst\u00e9tricien, professeur \u00e9m\u00e9rite, pr\u00e9sident dhonneur du Coll\u00e8ge National des Gyn\u00e9cologues et Obst\u00e9triciens Fran\u00e7ais. <img decoding=\"async\" src=\"http:\/\/www.ariege.fr\/var\/cg09\/storage\/images\/mediatheque\/cg09-site\/departement-09-attaque-560\/508324-1-fre-FR\/Departement-09-attaque-560_accueil-actumea.jpg\" alt=\"rencontre mondiale des familles 2012\" align=\"right\"> Lautor\u00e9habilitation accompagn\u00e9e : une r\u00e9ponse \u00e0 la pr\u00e9carit\u00e9 \u00e9nerg\u00e9tique Edward C. Green, The Pope May Be Right, in Washington Post, 29032009, La pand\u00e9mie de Covid-19 a fait plus de 163 000 morts dans le monde et plus de 2,3 millions de personnes ont \u00e9t\u00e9 contamin\u00e9es. Les cat\u00e9gories de population. Ainsi, en 2012, son utilisation au cours des trois mois Journ\u00e9e mondiale des Questions-R\u00e9ponses sur le Cancer du Rein <img decoding=\"async\" src=\"http:\/\/www.survivreausida.net\/IMG\/jpg\/comite_des_familles-berrechid08.jpg\" alt=\"rencontre mondiale des familles 2012\" align=\"right\"> Selon les estimations du cabinet Partenaires Finances locales, limpact de la crise de la Covid-19 sur les finances locales devrait \u00eatre facilement amortissable pour la tr\u00e8s grande majorit\u00e9 des communes, mais presque infranchissable pour une poign\u00e9e dautres sans mesure de soutien..  1930 et 1990, elle a progress\u00e9 denviron 15 points tableau 2. Pour les g\u00e9n\u00e9rations n\u00e9es avant 1930, le taux dinternautes \u00e9volue peu et reste Les plus de 60 ans, soit 30 de la population, resteront sans doute soumis \u00e0 des r\u00e8gles strictes. La Croix LaCroix Lors dune interview donn\u00e9e \u00e0 lagence Zenit le, il r\u00e9affirme lopposition du Vatican \u00e0 la men\u00e9e par les, impossible dapr\u00e8s lui \u00e0 justifier selon la. Dans Le Minist\u00e8re dans l\u00c9glise 1980, trad. Cerf, 1981, le th\u00e9ologien belge d\u00e9fend lid\u00e9e que des communaut\u00e9s chr\u00e9tiennes priv\u00e9es de pr\u00eatres pourraient, par exception, choisir en leur sein un pr\u00e9sident qui serait habilit\u00e9 \u00e0 pr\u00e9sider \u00e0 la vie de ces communaut\u00e9s et donc \u00e0 y consacrer lEucharistie, sans avoir pour autant re\u00e7u lordination sacramentelle sur un mode classique. Cette position est condamn\u00e9e par le cardinal Ratzinger dans une lettre du 13 juin 1984. 17 h 45 : VATICAN Les JMJ de Lisbonne report\u00e9es \u00e0 2023 Organisme public, lIned recrute ses fonctionnaires sur concours, \u00e0 partir du CAP jusquau doctorat. Fond\u00e9 en 1945, lIned est devenu en 1986 un \u00c9tablissement public \u00e0 caract\u00e8re scientifique et technologique EPST plac\u00e9 sous la double tutelle du minist\u00e8re charg\u00e9 de la recherche et du minist\u00e8re charg\u00e9 des affaires sociales.  En, il r\u00e9duit et fait contr\u00f4ler les initiatives \u0153cum\u00e9niques des franciscains dAssise. Pendant la, il est enr\u00f4l\u00e9 contre sa volont\u00e9 d\u00e8s son quatorzi\u00e8me anniversaire dans les, passage devenu obligatoire depuis d\u00e9cembre pour tous les jeunes Allemands non juifs. \u00c0 l\u00e2ge de 16 ans, en ao\u00fbt, il est incorpor\u00e9, avec tous ses confr\u00e8res du s\u00e9minaire de Traunstein, dans la DCA allemande. Joseph Ratzinger se retrouve dans la section des t\u00e9l\u00e9communications et participe \u00e0 la d\u00e9fense dune usine des environs de. En septembre, il est affect\u00e9 au service du travail obligatoire. Il refuse dentrer dans la, malgr\u00e9 les pressions, en faisant valoir son intention de devenir. En septembre 1944, il atteint l\u00e2ge du service militaire, et en d\u00e9cembre 1944 il est affect\u00e9 \u00e0 la, dans une unit\u00e9 charg\u00e9e de creuser des foss\u00e9s antichars \u00e0 la fronti\u00e8re austro-hongroise. Plac\u00e9 sous les ordres de la l\u00e9gion autrichienne, il qualifie dans ses \u00e9crits ses instructeurs de vieux nazis et d id\u00e9ologues fanatiques qui les tyrannisaient. Apprenant le suicide dHitler, il d\u00e9serte quelques jours avant la reddition allemande. Il est ensuite intern\u00e9 jusquau dans un \u00e0, o\u00f9 indique avoir \u00e9t\u00e9 son ami et avoir jou\u00e9 aux d\u00e9s avec lui. Il est lib\u00e9r\u00e9 apr\u00e8s six semaines dinternement et rentre \u00e0 pied chez lui. S\u00e9minaire GEFE Gouvernances de l\u00e9ducation, de la formation et de lemploi n\u00e9cessaire de rajouter un ajustement statistique aux mouvements. <img decoding=\"async\" src=\"http:\/\/www.lepatriote.net\/photos\/t%20gbalin%205166.jpg\" alt=\"rencontre mondiale des familles 2012\" align=\"right\"> Avertissement : A COMPTER DU 11 MAI CENTRE MEDICAL-SUR RENDEZ-VOUS UNIQUEMENT-SE REFERER AUX INFORMATIONS PRATIQUES.<\/p>\n","protected":false},"excerpt":{"rendered":"<p>rencontre mondiale des familles 2012<\/p>\n","protected":false},"author":1,"featured_media":0,"comment_status":"closed","ping_status":"closed","sticky":false,"template":"","format":"standard","meta":{"footnotes":""},"categories":[1],"tags":[],"_links":{"self":[{"href":"http:\/\/intranet.asbl.ca\/blog\/wp-json\/wp\/v2\/posts\/3047"}],"collection":[{"href":"http:\/\/intranet.asbl.ca\/blog\/wp-json\/wp\/v2\/posts"}],"about":[{"href":"http:\/\/intranet.asbl.ca\/blog\/wp-json\/wp\/v2\/types\/post"}],"author":[{"embeddable":true,"href":"http:\/\/intranet.asbl.ca\/blog\/wp-json\/wp\/v2\/users\/1"}],"replies":[{"embeddable":true,"href":"http:\/\/intranet.asbl.ca\/blog\/wp-json\/wp\/v2\/comments?post=3047"}],"version-history":[{"count":1,"href":"http:\/\/intranet.asbl.ca\/blog\/wp-json\/wp\/v2\/posts\/3047\/revisions"}],"predecessor-version":[{"id":3048,"href":"http:\/\/intranet.asbl.ca\/blog\/wp-json\/wp\/v2\/posts\/3047\/revisions\/3048"}],"wp:attachment":[{"href":"http:\/\/intranet.asbl.ca\/blog\/wp-json\/wp\/v2\/media?parent=3047"}],"wp:term":[{"taxonomy":"category","embeddable":true,"href":"http:\/\/intranet.asbl.ca\/blog\/wp-json\/wp\/v2\/categories?post=3047"},{"taxonomy":"post_tag","embeddable":true,"href":"http:\/\/intranet.asbl.ca\/blog\/wp-json\/wp\/v2\/tags?post=3047"}],"curies":[{"name":"wp","href":"https:\/\/api.w.org\/{rel}","templated":true}]}}