{"id":3059,"date":"2020-09-25T23:25:34","date_gmt":"2020-09-25T23:25:34","guid":{"rendered":"http:\/\/intranet.asbl.ca\/blog\/?p=3059"},"modified":"2020-09-21T09:43:21","modified_gmt":"2020-09-21T09:43:21","slug":"blanche-neige-une-rencontre-inattendue","status":"publish","type":"post","link":"http:\/\/intranet.asbl.ca\/blog\/2020\/09\/25\/blanche-neige-une-rencontre-inattendue\/","title":{"rendered":"Blanche Neige Une Rencontre Inattendue"},"content":{"rendered":"<p><img decoding=\"async\" src=\"http:\/\/www.histoire-passy-montblanc.fr\/wp-content\/uploads\/2013\/11\/FMB_1950_02_p4_aigle_lino.jpg\" alt=\"blanche neige une rencontre inattendue\" align=\"left\"> Sauriba tes un pervers de plus elle est d\u00e9j\u00e0 en couple la vraie En Islande, alors que tout le monde se pr\u00e9pare pour les f\u00eates de No\u00ebl, une ambiance particuli\u00e8re sempare du pays. Entre exaltation et inqui\u00e9tude, Echo dresse un portrait mordant et tendre de notre soci\u00e9t\u00e9 moderne. Les manifestations monstres de samedi \u00e0 Washington, New York, Philadelphie, San Francisco, ont donn\u00e9 raison aux dirigeants du Pentagone. Sous un soleil printanier, des dizaines de milliers de personnes ont d\u00e9fil\u00e9 pacifiquement, scandant \u00e0 lunisson No justice, no peace, no racist police pas de justice, pas de paix, pas de police raciste, mettant un genou \u00e0 terre en signe de recueillement envers George Floyd, le Noir de 46 ans tu\u00e9 par un policier blanc de Minneapolis le 25 mai, ainsi que pour toutes les autres victimes du racisme et des violences polici\u00e8res outre-Atlantique. Eni\u00e8me provocation envers un pr\u00e9sident per\u00e7u comme r\u00e9actionnaire et hostile aux revendications des BLM, des portraits \u00e0 leffigie des plus r\u00e9centes victimes George Floyd, Breonna Taylor, Ahmaud Arbery ont \u00e9t\u00e9 accroch\u00e9s aux grillages entourant la Maison Blanche. Lentra\u00eeneur du Standard devrait \u00eatre connu ce mercredi Une reine qui doit sennuyer seule au fort ainsi que Rouge. Mais alors que celle-ci approchait de son terme, la storyline de Brie a \u00e9t\u00e9 un peu modifi\u00e9e.  Par Correspondant aux Etats-Unis Le 9062020 \u00e0 17:46 Bonjour, moi aussi je recherche la bague de Blanche trop trop belle. Merci davance pour cet info. Alexander croit longtemps pouvoir \u00e9chapper \u00e0 son destin politique, d\u00e9j\u00e0 trac\u00e9 dans un coin de la t\u00eate du paternel. Sa r\u00e9bellion passe par le choix de la VUB pour \u00e9tudier la gestion plut\u00f4t que le droit. Vaguement proche du cercle lib\u00e9ral et pas vraiment impliqu\u00e9 dans la vie locale, il part deux ans \u00e0 Chicago o\u00f9 il d\u00e9croche un MBA dans une prestigieuse universit\u00e9. A son retour, il lance une start-up sp\u00e9cialis\u00e9e dans le droit intellectuel avant dint\u00e9grer un cabinet daffaires renomm\u00e9 o\u00f9 il rencontre Annick, avec qui il a eu deux enfants. Doucement, il rentre dans le rang et sinstalle comme tous les De Croo \u00e0 Brakel. De son jardin, Herman peut observer ses petits-enfants jouer. 2020 TUI France tous droits r\u00e9serv\u00e9s-TUI France-Soci\u00e9t\u00e9 anonyme au capital de 5 000 000 Euros-32 rue Jacques Ibert, 92300 LEVALLOIS PERRET <img decoding=\"async\" src=\"http:\/\/static1.terrafemina.com\/articles\/2\/20\/05\/72\/@\/194652-sorties-cine-blanche-neige-et-les-sept-nains-un-classique-sur-grand-ecran-215x179-1.jpg\" alt=\"blanche neige une rencontre inattendue\" align=\"right\">  Lint\u00e9ress\u00e9 conteste \u00eatre lauteur des tirs mortels, m\u00eame sil reconna\u00eet avoir \u00e9t\u00e9 sur place et avoir effectu\u00e9 des tirs dessai avec un pistolet 9 mm le matin du drame. Une analyse balistique est en cours pour sassurer quelle est bien larme qui a servi \u00e0 tuer Christelle Montigny et Quentin Fanciullino. Il reconna\u00eet avoir \u00e9t\u00e9 sur place. Il reconna\u00eet bien avoir eu une discussion avec lune des victimes, mais les choses en sont rest\u00e9es l\u00e0 dapr\u00e8s M. Fragapane, relate son avocat. Le matin du double meurtre, un responsable de l\u00e9tang de p\u00eache avait entendu le couple et un autre homme se disputer en italien. Michel Preudhomme a voulu ramener le Standard au sommet, sans y parvenir. Il nentamera pas une troisi\u00e8me saison cons\u00e9cutive comme entra\u00eeneur, un m\u00e9tier usant et exigeant auquel il tourne d\u00e9finitivement le dos. Il lui a fallu le temps, mais Alexander De Croo a fini par se faire un pr\u00e9nom et \u00e0 gagner le respect, m\u00eame parmi ses adversaires politiques-Photo News. Devenu le visage des brutalit\u00e9s polici\u00e8res, lagent de 44 ans a comparu lundi pour la premi\u00e8re fois devant la justice par vid\u00e9o. Lors de laudience, la juge a fix\u00e9 \u00e0 un million de dollars le montant de sa caution lib\u00e9ratoire, assortie de certaines conditions. Il avait fallu attendre quatre jours pour quil soit arr\u00eat\u00e9 et inculp\u00e9, dans un premier temps dhomicide involontaire. Ses trois coll\u00e8gues impliqu\u00e9s dans le drame navaient alors pas \u00e9t\u00e9 inqui\u00e9t\u00e9s. Par Journaliste au service Soci\u00e9t\u00e9 Le 5062020 \u00e0 19:41  Dans la foul\u00e9e, le VLD perd les \u00e9lections. La N-VA devient lun des acteurs les plus importants de la politique belge et 541 jours de crise paralysent le pays. Mais le fils De Croo a gagn\u00e9 son pr\u00e9nom. Plus personne nignore Alexander, alors que la majorit\u00e9 de la population a d\u00e9j\u00e0 totalement zapp\u00e9 ce qui se cache derri\u00e8re les trois lettres maudites. Le pari personnel est gagn\u00e9 mais politiquement, le lib\u00e9ral flamand nest pas r\u00e9compens\u00e9. Il c\u00e8de avec enthousiasme la pr\u00e9sidence du parti \u00e0 Gwendolyn Rutten en 2012 et remplace Vincent Van Quickenborn comme ministre des Pensions. Les informations recueillies sont destin\u00e9es \u00e0 CCM Benchmark Group pour vous assurer lenvoi de votre newsletter. Par Journaliste au service Culture Le 11062020 \u00e0 16:57 Film Streaming SawahSkaarab, un DJ du Caire est invit\u00e9 \u00e0 poser ses sons \u00e0 Bruxelles \u00e0 loccasion dun concours international de DJ. Pendant son trajet, il reste coinc\u00e9 dans un pays dont il na jamais entendu parler : Le Grand-Duch\u00e9 de Luxembourg. Il d\u00e9cide alors de trouver son chemin pour atteindre son but \u00e0 temps alors quune r\u00e9volution \u00e9clate dans son pays. Une folle \u00e9pop\u00e9e de 48 h sensuit. Cest en 2017 que Kim Jong-un avait mis en lumi\u00e8re sa s\u0153ur, fille comme lui de la troisi\u00e8me \u00e9pouse de leur p\u00e8re, en la nommant au Politburo et \u00e0 la t\u00eate du d\u00e9partement de la propagande du parti des Travailleurs. Auparavant, on lavait vue accompagner le pr\u00e9sident dans des visites de terrain. En 2018, cest elle quil envoie \u00e0 S\u00e9oul pour assister aux c\u00e9r\u00e9monies des Jeux olympiques dhiver : cest la premi\u00e8re visite dun haut dirigeant nord-cor\u00e9en depuis la fin de la guerre de Cor\u00e9e-En, Blanche est plus douce et gentille avec les candidats, le c\u00f4t\u00e9 juge sefface progressivement pour devenir une princesse. Toujours en blanc, elle est v\u00eatue dune longue jupe, dun bikini, dune capuche plus courte et de sandales en cuir, lui donnant un style bien plus l\u00e9ger et plut\u00f4t oriental. <img decoding=\"async\" src=\"http:\/\/cdn.locafilm.com\/images\/jackettes\/normal\/juillet-2012\/la-fantastique-histoire-de-blanche-neige.jpg\" alt=\"blanche neige une rencontre inattendue\" align=\"left\">.<\/p>\n","protected":false},"excerpt":{"rendered":"<p>blanche neige une rencontre inattendue<\/p>\n","protected":false},"author":1,"featured_media":0,"comment_status":"closed","ping_status":"closed","sticky":false,"template":"","format":"standard","meta":{"footnotes":""},"categories":[1],"tags":[],"_links":{"self":[{"href":"http:\/\/intranet.asbl.ca\/blog\/wp-json\/wp\/v2\/posts\/3059"}],"collection":[{"href":"http:\/\/intranet.asbl.ca\/blog\/wp-json\/wp\/v2\/posts"}],"about":[{"href":"http:\/\/intranet.asbl.ca\/blog\/wp-json\/wp\/v2\/types\/post"}],"author":[{"embeddable":true,"href":"http:\/\/intranet.asbl.ca\/blog\/wp-json\/wp\/v2\/users\/1"}],"replies":[{"embeddable":true,"href":"http:\/\/intranet.asbl.ca\/blog\/wp-json\/wp\/v2\/comments?post=3059"}],"version-history":[{"count":1,"href":"http:\/\/intranet.asbl.ca\/blog\/wp-json\/wp\/v2\/posts\/3059\/revisions"}],"predecessor-version":[{"id":3060,"href":"http:\/\/intranet.asbl.ca\/blog\/wp-json\/wp\/v2\/posts\/3059\/revisions\/3060"}],"wp:attachment":[{"href":"http:\/\/intranet.asbl.ca\/blog\/wp-json\/wp\/v2\/media?parent=3059"}],"wp:term":[{"taxonomy":"category","embeddable":true,"href":"http:\/\/intranet.asbl.ca\/blog\/wp-json\/wp\/v2\/categories?post=3059"},{"taxonomy":"post_tag","embeddable":true,"href":"http:\/\/intranet.asbl.ca\/blog\/wp-json\/wp\/v2\/tags?post=3059"}],"curies":[{"name":"wp","href":"https:\/\/api.w.org\/{rel}","templated":true}]}}