{"id":3105,"date":"2020-09-25T17:18:11","date_gmt":"2020-09-25T17:18:11","guid":{"rendered":"http:\/\/intranet.asbl.ca\/blog\/?p=3105"},"modified":"2020-09-21T11:19:27","modified_gmt":"2020-09-21T11:19:27","slug":"rencontre-commercy","status":"publish","type":"post","link":"http:\/\/intranet.asbl.ca\/blog\/2020\/09\/25\/rencontre-commercy\/","title":{"rendered":"Rencontre Commercy"},"content":{"rendered":"<p>L a vie \u00e0 Commercy dans 6 ans et apr\u00e8s, les propositions imagin\u00e9es par ses habitant.e.s! Nom du lieu, code postal, ville, r\u00e9gion ou d\u00e9partement Sylvie : Le NPA diff\u00e8re du Front de Gauche car il ne croit pas en un messie, ne pratique pas le culte de la personnalit\u00e9. <img decoding=\"async\" src=\"http:\/\/img.over-blog.com\/300x200\/1\/40\/44\/64\/Commercy\/Artistes-locaux-2012\/Salon-Commercy-9.JPG\" alt=\"rencontre commercy\" align=\"right\"> Lors de ces premi\u00e8res rencontres du genre nous voulons \u00e9largir sans nous enfermer dans des d\u00e9bats de militants sp\u00e9cialis\u00e9s. Nous invitons les centaines de groupes locaux issus du mouvement des gilets jaunes, toutes les listes citoyennes, les collectifs \u00e9cologistes, les collectifs des quartiers populaires, les Maisons du peuple, tous les projets communaux r\u00e9ellement ancr\u00e9s, qui se retrouvent dans la perspective de cet appel! On pille des continents entiers de leurs ressourses naturelles. Bonjour homme myst\u00e8re. Je mappelle Val\u00e9rie et jai 27 ans. Je nutilise pas ce service pour trouver lamour car je suis en couple et jaime mon mari. Annonce : JE RECHERCHE DIAL SYMPA ET PLUS SI AFFINITES M. : Vous les trouvez trop focalis\u00e9s sur l\u00e9ch\u00e9ance \u00e9lectorale municipale? -Cheveux : Brun fonc\u00e9-165 cm-Statut civil: S\u00e9par\u00e9-Silhouette : Moyen Depuis 2005, lors de lentr\u00e9e en vigueur du premier programme national de r\u00e9novation urbaine, des habitantes sopposent aux projets de d\u00e9molition-reconstruction qui simposent \u00e0 elles et eux sans jamais les impliquer r\u00e9ellement. APPUII sengage aux Info trafic et voyageurs 0 result for this filter SAV 0 result for this filter Promo 0 result for this filter Actualit\u00e9s 0 result for this filter Espace Presse 0 result for this filter Services voyageurs 0 result for this filter Services voyageurs pro 0 result for this filter Boutiques Bornes 0 result for this filter Cartes et tarifs 0 result for this filter Profil du groupe 0 result for this filter B2B et filiales 0 result for this filter Fournisseurs 0 result for this filter International 0 result for this filter  <img decoding=\"async\" src=\"http:\/\/www.cercle-commercy-hockenheim.fr\/uploaded\/photo\/rencontre-a-commercy-57ef858a1d267.jpg\" alt=\"rencontre commercy\" align=\"right\"> <img decoding=\"async\" src=\"http:\/\/rainjbow.tk\/wp-content\/uploads\/2017\/11\/logo-dp-512.jpg\" alt=\"rencontre commercy\" align=\"left\"> Les petits patrons vivent selon ce que d\u00e9cide le capital et ont des avantages.  Commercy Lorraine. Bonjour, je mappelle anna, je suis actuellement salari\u00e9e et vivant vers le centre de montpellier je cherche juste des filles simples qui aime samuser sans se prendre la t\u00eate, une fille qui appr\u00e9ciera lattention que je lui porte. Avant tout de nouvelles rencontres : le reste se fera tout seul. Annonce : Je recherche une relation courte ou longue suivant affinites.je suis attentionne,jovial.Separez depuis deux ans vivant seul en residence. Pour finir, Claude \u00e9voque lexemple de lEgypte o\u00f9 on a jet\u00e9 des gouvernements successifs et que \u00e7a a fait na\u00eetre une prise de conscience au sein de la population, cest un message despoir \u00e0 prendre en consid\u00e9ration.<\/p>\n","protected":false},"excerpt":{"rendered":"<p>rencontre commercy<\/p>\n","protected":false},"author":1,"featured_media":0,"comment_status":"closed","ping_status":"closed","sticky":false,"template":"","format":"standard","meta":{"footnotes":""},"categories":[1],"tags":[],"_links":{"self":[{"href":"http:\/\/intranet.asbl.ca\/blog\/wp-json\/wp\/v2\/posts\/3105"}],"collection":[{"href":"http:\/\/intranet.asbl.ca\/blog\/wp-json\/wp\/v2\/posts"}],"about":[{"href":"http:\/\/intranet.asbl.ca\/blog\/wp-json\/wp\/v2\/types\/post"}],"author":[{"embeddable":true,"href":"http:\/\/intranet.asbl.ca\/blog\/wp-json\/wp\/v2\/users\/1"}],"replies":[{"embeddable":true,"href":"http:\/\/intranet.asbl.ca\/blog\/wp-json\/wp\/v2\/comments?post=3105"}],"version-history":[{"count":1,"href":"http:\/\/intranet.asbl.ca\/blog\/wp-json\/wp\/v2\/posts\/3105\/revisions"}],"predecessor-version":[{"id":3106,"href":"http:\/\/intranet.asbl.ca\/blog\/wp-json\/wp\/v2\/posts\/3105\/revisions\/3106"}],"wp:attachment":[{"href":"http:\/\/intranet.asbl.ca\/blog\/wp-json\/wp\/v2\/media?parent=3105"}],"wp:term":[{"taxonomy":"category","embeddable":true,"href":"http:\/\/intranet.asbl.ca\/blog\/wp-json\/wp\/v2\/categories?post=3105"},{"taxonomy":"post_tag","embeddable":true,"href":"http:\/\/intranet.asbl.ca\/blog\/wp-json\/wp\/v2\/tags?post=3105"}],"curies":[{"name":"wp","href":"https:\/\/api.w.org\/{rel}","templated":true}]}}