{"id":3125,"date":"2020-09-25T17:19:50","date_gmt":"2020-09-25T17:19:50","guid":{"rendered":"http:\/\/intranet.asbl.ca\/blog\/?p=3125"},"modified":"2020-09-21T11:48:32","modified_gmt":"2020-09-21T11:48:32","slug":"rencontres-europe-aubenas","status":"publish","type":"post","link":"http:\/\/intranet.asbl.ca\/blog\/2020\/09\/25\/rencontres-europe-aubenas\/","title":{"rendered":"Rencontres Europe Aubenas"},"content":{"rendered":"<p> La mashup table : outil intuitif et ludique pour linitiation au montage vid\u00e9o. Atmosph\u00e8res 53, festival Reflets du cin\u00e9ma, Mayenne : mars De panoramas en points de vue, la route d\u00e9bouche sur limpressionnante arche du Pont dArc. Sculpt\u00e9e par leau, haute de 54 m\u00e8tres et large de 60 m\u00e8tres, cest une curiosit\u00e9 g\u00e9ologique unique au monde par ses proportions. Dat\u00e9 de 500.000 ans avant notre \u00e8re, utilis\u00e9 de tout temps comme passage naturel dune rive \u00e0 lautre, le site class\u00e9 se pr\u00eate \u00e0 une halte rafra\u00eechissante avec ses deux plages de sable fin. Centre d\u00e9tudes et de recherches internationales Sciencespo. 56, rue Jacob 75006-Paris Une large programmation europ\u00e9enne d\u0153uvres r\u00e9centes ou de films du patrimoine, des hommages \u00e0 de grands cin\u00e9astes en leur pr\u00e9sence. Chaque jour, un invit\u00e9 vient parler de son travail. Poitiers : le parc de la Vall\u00e9e des Singes ouvre le 29 Mai Ce film traduit merveilleusement le passage du r\u00eave \u00e0 la r\u00e9alit\u00e9, de lillusion au d\u00e9senchantement, de lincr\u00e9dulit\u00e9 au d\u00e9sespoir prenant le spectateur \u00e0 partie dans un plan m\u00e9morable du cin\u00e9ma : Monika prend un verre avec un homme, elle sait quelle passera la nuit avec lui, la lumi\u00e8re s\u00e9teint pour n\u00e9clairer que son visage. Elle se tourne vers nous spectateurs et semble nous interpeller : de quel droit me jugez-vous? et vous, que feriez-vous? La s\u00e9ance qui suivra la projection du film Russian Lessons en pr\u00e9sence de Andrei Nekrassov, sera introduite et anim\u00e9e par Thornik\u00e9 Gordadz\u00e9, directeur de lObservatoire du Caucase \u00e0 Bakou, IFEA, chercheur associ\u00e9 au CERI Photo C RMN-Grand Palais mus\u00e9e dOrsay Ren\u00e9-Gabriel Oj\u00e9da Rechercher le hideux dans la r\u00e9alit\u00e9  20 oct. 2011-27 oct. 2011 Les rencontres des cin\u00e9mas dEurope R\u00e9publique tch\u00e8que Les cookies assurent le bon fonctionnement de nos services. En utilisant ces derniers, vous acceptez lutilisation des cookies.  Photo de Disd\u00e9ri BnFD\u00e9partement des estampes et de la photographie Rencontres internationale du cin\u00e9ma de Pontarlier : novembre Le concert dune vie, le plus grand spectacle jamais vu en Isra\u00ebl Les Rencontres des Cin\u00e9mas dEurope 2019 : du 16 au 24 novembre Les Rencontres des Cin\u00e9mas dEurope 2019 : du 16 au 24 novembre Maison des sciences de lhomme Ange-Gu\u00e9pin, 21 boulevard Gaston-Doumergue, 44262 Nantes Cedex 2 <img decoding=\"async\" src=\"http:\/\/cache.media.education.gouv.fr\/image\/180430_lyceens_europe_conseil_europe\/47\/4\/07_940474.jpg\" alt=\"rencontres europe aubenas\" align=\"left\"> <img decoding=\"async\" src=\"http:\/\/www.jereimyrenner.tk\/images\/produits\/normal\/4581-poupees-kimmidoll-kimmidoll-bijoux-sumi-porte-cles-kimmidoll-5cm-compassion.jpg\" alt=\"rencontres europe aubenas\" align=\"center\"> Depuis 1999, la Maison de limage organise les qui se tiennent \u00e0 Aubenas en novembre. Ce qui me donne, en plus du plaisir de voir de nombreux films, loccasion de participer au journal des Rencontres, Carnets de Rencontres : au programme, critiques de films, portrait des artistes invit\u00e9s et \u00e0 lhonneur et compte rendu des d\u00e9bats avec le public. Un \u00e9t\u00e9 avec Monika dIngmar BERGMAN 1953 <img decoding=\"async\" src=\"http:\/\/img.over-blog.com\/500x375\/0\/28\/79\/49\/2013-2014\/photos-rencontres-2013\/DSCF0664.JPG\" alt=\"rencontres europe aubenas\" align=\"center\"> Cest au th\u00e9\u00e2tre de lAlliance fran\u00e7aise \u00e0 Paris, que, jai assist\u00e9, ce mercredi 14 octobre, \u00e0 la soir\u00e9e de pr\u00e9sentation des 17 \u00e8me Rencontres des Cin\u00e9mas dEurope qui se tiendront \u00e0 Aubenas du 15 au 22 novembre prochain. Tarif r\u00e9duit demandeurs demploi et \u00e9tudiants sur pr\u00e9sentation dun justificatif : Festival Cin\u00e9ma et musique de film, La Baule : novembre MACEDOINE : Je suis de Titov Veles, de Teona S. Mitevska, 1 h 42, 2008 en pr\u00e9sence de la r\u00e9alisatrice. Rencontres des Cin\u00e9mas dEurope : Culturelle Aubenas. Grands Rendez-vous en Ard\u00e8che en Ard\u00e8che-Une litt\u00e9rature postcoloniale \u00e0 contre-courant, 2 et 3 d\u00e9cembre 2010. Vincent Bonnecase interviendra \u00e9galement sur La construction statistique de la pauvret\u00e9 en temps de crise: la famine de 1973 dans le Sahel Tous droits r\u00e9serv\u00e9s Auvergne-Rh\u00f4ne-Alpes Cin\u00e9ma.<\/p>\n","protected":false},"excerpt":{"rendered":"<p>rencontres europe aubenas<\/p>\n","protected":false},"author":1,"featured_media":0,"comment_status":"closed","ping_status":"closed","sticky":false,"template":"","format":"standard","meta":{"footnotes":""},"categories":[1],"tags":[],"_links":{"self":[{"href":"http:\/\/intranet.asbl.ca\/blog\/wp-json\/wp\/v2\/posts\/3125"}],"collection":[{"href":"http:\/\/intranet.asbl.ca\/blog\/wp-json\/wp\/v2\/posts"}],"about":[{"href":"http:\/\/intranet.asbl.ca\/blog\/wp-json\/wp\/v2\/types\/post"}],"author":[{"embeddable":true,"href":"http:\/\/intranet.asbl.ca\/blog\/wp-json\/wp\/v2\/users\/1"}],"replies":[{"embeddable":true,"href":"http:\/\/intranet.asbl.ca\/blog\/wp-json\/wp\/v2\/comments?post=3125"}],"version-history":[{"count":1,"href":"http:\/\/intranet.asbl.ca\/blog\/wp-json\/wp\/v2\/posts\/3125\/revisions"}],"predecessor-version":[{"id":3126,"href":"http:\/\/intranet.asbl.ca\/blog\/wp-json\/wp\/v2\/posts\/3125\/revisions\/3126"}],"wp:attachment":[{"href":"http:\/\/intranet.asbl.ca\/blog\/wp-json\/wp\/v2\/media?parent=3125"}],"wp:term":[{"taxonomy":"category","embeddable":true,"href":"http:\/\/intranet.asbl.ca\/blog\/wp-json\/wp\/v2\/categories?post=3125"},{"taxonomy":"post_tag","embeddable":true,"href":"http:\/\/intranet.asbl.ca\/blog\/wp-json\/wp\/v2\/tags?post=3125"}],"curies":[{"name":"wp","href":"https:\/\/api.w.org\/{rel}","templated":true}]}}