{"id":3147,"date":"2020-09-25T07:44:03","date_gmt":"2020-09-25T07:44:03","guid":{"rendered":"http:\/\/intranet.asbl.ca\/blog\/?p=3147"},"modified":"2020-09-21T12:35:13","modified_gmt":"2020-09-21T12:35:13","slug":"rencontre-creteil","status":"publish","type":"post","link":"http:\/\/intranet.asbl.ca\/blog\/2020\/09\/25\/rencontre-creteil\/","title":{"rendered":"Rencontre Creteil"},"content":{"rendered":"<p>Surtout psychologiques, r\u00e9pond la sexag\u00e9naire. Il me rabaissait tout le temps.  Lart et la culture en g\u00e9n\u00e9ral permettent \u00e0 chacun de mieux comprendre le monde. En tant quartiste, on prend du recul au quotidien, cest ce quon essaye de transmettre aux spectateurs. Lart rassemble, et dans la situation actuelle cest tr\u00e8s important-Le Tribunal judiciaire de Creteil service JAF et JE Bastien aime les voyages et ne manque jamais une occasion dajouter un nouveau tampon \u00e0 son passeport, \u00e0 quelques pas de son appartement vit Oph\u00e9lie qui trouve que sa vie manque de saveur et qui r\u00eave dailleurs. Deux profils de personnes qui pourraient \u00e9ventuellement sentendre mais cela ne serait possible que sils venaient \u00e0 se rencontrer un jour. Mais quels sont les meilleurs plans pour rencontrer des c\u00e9libataires sur Cr\u00e9teil? Quels sont les lieux incontournables de la nuit cristolienne? Voici quelques \u00e9l\u00e9ments de r\u00e9ponse.. <img decoding=\"async\" src=\"http:\/\/millebabords.org\/IMG\/jpg\/DSCN0374-resized.jpg\" alt=\"rencontre creteil\" align=\"right\">  Cette journ\u00e9e anniversaire, si elle a rappel\u00e9 le temps \u00e9coul\u00e9, est d\u00e9j\u00e0 tourn\u00e9e vers lavenir et tous ses possibles. L\u00e9quipe danimation assure une belle continuit\u00e9 en lien avec les quatre d\u00e9marches du Mouvement. Vous pouvez \u00e9galement retrouver les liens de vos Studios virtuels via le moteur ci-dessous. Lavant-derni\u00e8re version de la r\u00e9alit\u00e9.Exposition de Brognon Rollin Et pour avoir souffl\u00e9 trop vite et trop fort, ils perdront la vue, puis toute pens\u00e9e et tout sentiment R\u00e9ponse : \u00e9teindre la lampe en allant au lit. <img decoding=\"async\" src=\"http:\/\/s1.lprs1.fr\/images\/2016\/08\/24\/6066287_3183cbd8-69ff-11e6-a3a7-0b0e84a767c1-1_1000x625.jpg\" alt=\"rencontre creteil\" align=\"center\"> Vous accompagnez des candidats dans le cadre dune prestation de retour \u00e0 lemploi durable : ActivEmploi AEM. 1 Maximes, fables et devinettes. L\u00e9onard de Vinci. Edition Arl\u00e9a. 2002 Elles ne sont pas destin\u00e9es \u00e0 des sp\u00e9cialistes. Pluridisciplinaires, elles sont faciles \u00e0 suivre au niveau technique et ainsi ouvertes \u00e0 tous et \u00e0 toutes. Le 29 mai 2012, Blaise Matuidi est retenu pour participer \u00e0 l et endosse le num\u00e9ro 12 au sein de l\u00e9quipe de France. Bless\u00e9 \u00e0 la cuisse avant m\u00eame le d\u00e9but de la comp\u00e9tition, il ne peut participer aux matches de la phase de poule et nest apte que pour les quarts de finale. Il nentre cependant pas en jeu lors de la rencontre face \u00e0 l d\u00e9faite 2-0. Il est ainsi, avec, lun des deux joueurs de champ du groupe tricolore \u00e0 ne pas avoir jou\u00e9 une seule rencontre dans cette comp\u00e9tition. Pour une vie autrement.. Pourquoi pas avec vous. Il existe aussi des cookies \u00e9mis par des tiers pour suivre des op\u00e9rations de publicit\u00e9 cibl\u00e9e ou partager des contenus via des r\u00e9seaux sociaux par exemple. <img decoding=\"async\" src=\"http:\/\/p4.storage.canalblog.com\/46\/58\/341188\/30100222.jpg\" alt=\"rencontre creteil\" align=\"center\">  Pour le monde de demain, le respect des r\u00e8gles sanitaires simposent \u00e0 tous. L\u00e9cole r\u00e9f\u00e9rence de lexpertise informatique forme depuis 20 ans les experts qui dessineront le monde de demain.<\/p>\n","protected":false},"excerpt":{"rendered":"<p>rencontre creteil<\/p>\n","protected":false},"author":1,"featured_media":0,"comment_status":"closed","ping_status":"closed","sticky":false,"template":"","format":"standard","meta":{"footnotes":""},"categories":[1],"tags":[],"_links":{"self":[{"href":"http:\/\/intranet.asbl.ca\/blog\/wp-json\/wp\/v2\/posts\/3147"}],"collection":[{"href":"http:\/\/intranet.asbl.ca\/blog\/wp-json\/wp\/v2\/posts"}],"about":[{"href":"http:\/\/intranet.asbl.ca\/blog\/wp-json\/wp\/v2\/types\/post"}],"author":[{"embeddable":true,"href":"http:\/\/intranet.asbl.ca\/blog\/wp-json\/wp\/v2\/users\/1"}],"replies":[{"embeddable":true,"href":"http:\/\/intranet.asbl.ca\/blog\/wp-json\/wp\/v2\/comments?post=3147"}],"version-history":[{"count":1,"href":"http:\/\/intranet.asbl.ca\/blog\/wp-json\/wp\/v2\/posts\/3147\/revisions"}],"predecessor-version":[{"id":3148,"href":"http:\/\/intranet.asbl.ca\/blog\/wp-json\/wp\/v2\/posts\/3147\/revisions\/3148"}],"wp:attachment":[{"href":"http:\/\/intranet.asbl.ca\/blog\/wp-json\/wp\/v2\/media?parent=3147"}],"wp:term":[{"taxonomy":"category","embeddable":true,"href":"http:\/\/intranet.asbl.ca\/blog\/wp-json\/wp\/v2\/categories?post=3147"},{"taxonomy":"post_tag","embeddable":true,"href":"http:\/\/intranet.asbl.ca\/blog\/wp-json\/wp\/v2\/tags?post=3147"}],"curies":[{"name":"wp","href":"https:\/\/api.w.org\/{rel}","templated":true}]}}