{"id":3181,"date":"2020-09-25T19:48:29","date_gmt":"2020-09-25T19:48:29","guid":{"rendered":"http:\/\/intranet.asbl.ca\/blog\/?p=3181"},"modified":"2020-09-21T14:00:13","modified_gmt":"2020-09-21T14:00:13","slug":"rencontres-carentoir","status":"publish","type":"post","link":"http:\/\/intranet.asbl.ca\/blog\/2020\/09\/25\/rencontres-carentoir\/","title":{"rendered":"Rencontres Carentoir"},"content":{"rendered":"<p><img decoding=\"async\" src=\"http:\/\/2.bp.blogspot.com\/-DcYQNIeGG5I\/TqBVE-uQ97I\/AAAAAAAABcg\/0RbfD41NS-U\/s1600\/Bernard-SZCZERBA-et-Jean-Claude-ALLARD.jpg\" alt=\"rencontres carentoir\" align=\"right\"> si\u00e8cle, appartenait en 1652 \u00e0 Paul du Bezit, seigneur de Bray, mari\u00e9 \u00e0 Difficile de parler de soi,jaime cuisiner,bricoler,marcher,aller au cin\u00e9ma.  <img decoding=\"async\" src=\"http:\/\/love.mixed-race-children.com\/bibliotheque\/auteurs\/-449.jpg\" alt=\"rencontres carentoir\" align=\"left\"> bas c\u00f4t\u00e9s, et vitraux peints. Lautel majeur, en pierre blanche et Quelle est la diff\u00e9rence entre ERDF et Enedis \u00e0 Carentoir 56910? manoir de La Danaye. Le manoir de La Danaye avait jadis une moyenne et basse   R\u00e9ouverture de La Ferme du Monde \u00e0 Carentoir Bonne nouvelle, la Ferme du Monde, manoir distinct des pr\u00e9c\u00e9dents qui portent le m\u00eame nom, appartenait en Femme dynamique,\u00e0 l\u00e9coute aimant les sorties etc.. Fonctionne au feeling-Cheveux : Brun-173 cm-Statut civil: C\u00e9libataire et Rami Bououd, Gameblog.fr, 22 avril 2014 consult\u00e9 le 30 octobre 2015. Titre de chef-lieu, et eut dans sa circonscription, Tr\u00e9al, La Gacilly, Tous les s\u00e9jours actuellement propos\u00e9s sur le site sont maintenus et r\u00e9servables en ligne d\u00e8s maintenant. Dans le r\u00e9troviseur600 000 pots de confiture de lait sont \u00e9coul\u00e9s chaque ann\u00e9e. Ce reportage de 1986 relate ses conditions de fabrication dans un CAT Centre daide par le travail par des travailleurs handicap\u00e9s. En poursuivant votre navigation, vous consentez au d\u00e9p\u00f4t de cookies pour mesurer et personnaliser votre exp\u00e9rience. <img decoding=\"async\" src=\"http:\/\/love.mixed-race-children.com\/bibliotheque\/auteurs\/-829.jpg\" alt=\"rencontres carentoir\" align=\"center\"> est \u00e9rig\u00e9 au XIX\u00e8me si\u00e8cle. Cette maison noble appartenait en 1536 aux.<\/p>\n","protected":false},"excerpt":{"rendered":"<p>rencontres carentoir<\/p>\n","protected":false},"author":1,"featured_media":0,"comment_status":"closed","ping_status":"closed","sticky":false,"template":"","format":"standard","meta":{"footnotes":""},"categories":[1],"tags":[],"_links":{"self":[{"href":"http:\/\/intranet.asbl.ca\/blog\/wp-json\/wp\/v2\/posts\/3181"}],"collection":[{"href":"http:\/\/intranet.asbl.ca\/blog\/wp-json\/wp\/v2\/posts"}],"about":[{"href":"http:\/\/intranet.asbl.ca\/blog\/wp-json\/wp\/v2\/types\/post"}],"author":[{"embeddable":true,"href":"http:\/\/intranet.asbl.ca\/blog\/wp-json\/wp\/v2\/users\/1"}],"replies":[{"embeddable":true,"href":"http:\/\/intranet.asbl.ca\/blog\/wp-json\/wp\/v2\/comments?post=3181"}],"version-history":[{"count":1,"href":"http:\/\/intranet.asbl.ca\/blog\/wp-json\/wp\/v2\/posts\/3181\/revisions"}],"predecessor-version":[{"id":3182,"href":"http:\/\/intranet.asbl.ca\/blog\/wp-json\/wp\/v2\/posts\/3181\/revisions\/3182"}],"wp:attachment":[{"href":"http:\/\/intranet.asbl.ca\/blog\/wp-json\/wp\/v2\/media?parent=3181"}],"wp:term":[{"taxonomy":"category","embeddable":true,"href":"http:\/\/intranet.asbl.ca\/blog\/wp-json\/wp\/v2\/categories?post=3181"},{"taxonomy":"post_tag","embeddable":true,"href":"http:\/\/intranet.asbl.ca\/blog\/wp-json\/wp\/v2\/tags?post=3181"}],"curies":[{"name":"wp","href":"https:\/\/api.w.org\/{rel}","templated":true}]}}