{"id":3225,"date":"2020-09-26T02:38:30","date_gmt":"2020-09-26T02:38:30","guid":{"rendered":"http:\/\/intranet.asbl.ca\/blog\/?p=3225"},"modified":"2020-09-21T15:25:46","modified_gmt":"2020-09-21T15:25:46","slug":"association-aide-et-rencontre","status":"publish","type":"post","link":"http:\/\/intranet.asbl.ca\/blog\/2020\/09\/26\/association-aide-et-rencontre\/","title":{"rendered":"Association Aide Et Rencontre"},"content":{"rendered":"<p>Depuis sa cr\u00e9ation en 1984, AIDES sest assign\u00e9e comme objectif de transformer la soci\u00e9t\u00e9 en vue de la fin des \u00e9pid\u00e9mies en mobilisant les personnes concern\u00e9es par le VIH sida etou une h\u00e9patite virale et en menant des actions pour soutenir les personnes s\u00e9ropositifs-ves et pr\u00e9venir la transmission du virus. Vous trouverez ici les animations favorisant les rencontres et \u00e9changes entre seniors. Des voisins solidaires pour un passage \u00e0 la TNT HD en douceurVoisins solidaires \u00e0 Dompierre-sur-Mer PAV ANTENNE SUD ET SIEGE DE LASSOCIATION-12, rue Charles Fourier-75013 PARIS Le Conseil national de lenseignement sup\u00e9rieur et de la recherche CNESER, r\u00e9uni le 12 mai 2020, \u00e9changeait sur les mesures durgence prises dans le cadre de l\u00e9pid\u00e9mie de covid-19. Dr Cl\u00e9ment Courvoisier, qui si\u00e8ge au CNESER au titre Les associations li\u00e9es \u00e0 lenseignement aide aux devoirs, cours, et les principales missions li\u00e9es au loisir nont pas encore repris il faudra souvent attendre septembre. Toutes les associations nont pas donn\u00e9 de leurs nouvelles : certaines sont \u00e0 larr\u00eat activit\u00e9 impossible, personnel \u00e0 risque ou malade, dautres sont d\u00e9sorganis\u00e9es ou trop occup\u00e9es pour former les nouveaux b\u00e9n\u00e9voles. Vous trouvez ci-dessous quelques nouvelles. Nh\u00e9sitez pas \u00e0 revenir sur cette page r\u00e9guli\u00e8rement, nous la tenons \u00e0 jour. INFO PAR MAIL AUX ADHERENTS OU SUR LA PAGE FACEBOOK Ils voulaient \u00eatre paysans, tout simplement. Mais la r\u00e9alit\u00e9 est plus difficile que pr\u00e9vue. Ce documentaire r\u00e9alis\u00e9 par Jean-Fran\u00e7ois M\u00e9plon est le portrait sensible de quelques paysans lorrains qui sont confront\u00e9s \u00e0 de grandes difficult\u00e9s pour exercer leur m\u00e9tier. Quils sen soient tir\u00e9, quils surnagent ou quils aient quitt\u00e9 le m\u00e9tier, leur point commun est quils ont tous \u00e9t\u00e9 soutenus par lassociation Solidarit\u00e9 Paysans Lorraine. Nicolas Eglin, Centre Technique R\u00e9gional pour la D\u00e9ficience Visuelle Pour toutes les personnes concern\u00e9es par le diab\u00e8te sur le territoire de lH\u00e9rault  <img decoding=\"async\" src=\"http:\/\/www.col-truffaut-strasbourg.ac-strasbourg.fr\/images\/rencontre-dbat20radicalisation4.jpg\" alt=\"association aide et rencontre\" align=\"left\"> Demandez d\u00e8s maintenant votre rendez-vous pour les 12 et 13 juin 2020. <img decoding=\"async\" src=\"http:\/\/www.afrh.fr\/_Media\/affiche-cahors-06_med-2.jpeg\" alt=\"association aide et rencontre\" align=\"left\"> 161019 : Forum National des Associations et Fondations \u00e0 Paris 75 ATR, Viv\u00e9a, baisse des cotisations sociales aujourdhui r\u00e9duction volontaire de la production laiti\u00e8re, comme \u00e0 chaque fois, les plus fragiles doivent supporter les incons\u00e9quences administratives. Ne manquez pas nos informations exclusives en vous abonnant aux Apr\u00e8s \u00e9tude de votre demande, vous recevrez un courrier vous indiquant si celle-ci est accept\u00e9e.  <img decoding=\"async\" src=\"http:\/\/pslr.fr\/wp-content\/uploads\/2017\/02\/407151-6.jpg\" alt=\"association aide et rencontre\" align=\"left\"> Globalement, le risque est de voir les moyens concentr\u00e9s dans les zones riches au d\u00e9triment des zones rurales ou moins favoris\u00e9es. Les \u00e9volutions actuelles tendent probablement \u00e0 accro\u00eetre les in\u00e9galit\u00e9s entre les territoires, m\u00eame sil nexiste pas de donn\u00e9es pour appr\u00e9cier leur port\u00e9e r\u00e9elle. 120517 : Article sur le SII et lAPSSII dans le Journal International de M\u00e9decine JIM  D\u00e9couvrez Ad\u00e9laide, Bergamote et toute la joyeuse bande de clowns Les acteurs de solidarit\u00e9 internationale pr\u00e8s de chez vous 200617 : R\u00e9union de pr\u00e9paration de la Journ\u00e9e annuelle 75 R\u00e9union dinformation organis\u00e9e avec le soutien du Pr Mion r\u00e9union ouverte au grand public.<\/p>\n","protected":false},"excerpt":{"rendered":"<p>association aide et rencontre<\/p>\n","protected":false},"author":1,"featured_media":0,"comment_status":"closed","ping_status":"closed","sticky":false,"template":"","format":"standard","meta":{"footnotes":""},"categories":[1],"tags":[],"_links":{"self":[{"href":"http:\/\/intranet.asbl.ca\/blog\/wp-json\/wp\/v2\/posts\/3225"}],"collection":[{"href":"http:\/\/intranet.asbl.ca\/blog\/wp-json\/wp\/v2\/posts"}],"about":[{"href":"http:\/\/intranet.asbl.ca\/blog\/wp-json\/wp\/v2\/types\/post"}],"author":[{"embeddable":true,"href":"http:\/\/intranet.asbl.ca\/blog\/wp-json\/wp\/v2\/users\/1"}],"replies":[{"embeddable":true,"href":"http:\/\/intranet.asbl.ca\/blog\/wp-json\/wp\/v2\/comments?post=3225"}],"version-history":[{"count":1,"href":"http:\/\/intranet.asbl.ca\/blog\/wp-json\/wp\/v2\/posts\/3225\/revisions"}],"predecessor-version":[{"id":3226,"href":"http:\/\/intranet.asbl.ca\/blog\/wp-json\/wp\/v2\/posts\/3225\/revisions\/3226"}],"wp:attachment":[{"href":"http:\/\/intranet.asbl.ca\/blog\/wp-json\/wp\/v2\/media?parent=3225"}],"wp:term":[{"taxonomy":"category","embeddable":true,"href":"http:\/\/intranet.asbl.ca\/blog\/wp-json\/wp\/v2\/categories?post=3225"},{"taxonomy":"post_tag","embeddable":true,"href":"http:\/\/intranet.asbl.ca\/blog\/wp-json\/wp\/v2\/tags?post=3225"}],"curies":[{"name":"wp","href":"https:\/\/api.w.org\/{rel}","templated":true}]}}