{"id":3229,"date":"2020-09-26T01:20:45","date_gmt":"2020-09-26T01:20:45","guid":{"rendered":"http:\/\/intranet.asbl.ca\/blog\/?p=3229"},"modified":"2020-09-21T15:27:24","modified_gmt":"2020-09-21T15:27:24","slug":"rencontre-adolescent-rennes","status":"publish","type":"post","link":"http:\/\/intranet.asbl.ca\/blog\/2020\/09\/26\/rencontre-adolescent-rennes\/","title":{"rendered":"Rencontre Adolescent Rennes"},"content":{"rendered":"<p>\u03a3\u03c4\u03bf\u03b1 \u03bb\u03bf\u03c5\u03bb\u03b7 \u03c3\u03c4\u03b1 \u03b9\u03c9\u03b1\u03bd\u03bd\u03b9\u03bd\u03b1 \u039a\u03b1\u03bd\u03bf\u03bd\u03b9\u03ba\u03ae \u03a4\u03b9\u03bc\u03ae: \u03c3\u03cd\u03bc\u03b2\u03b1\u03c3\u03b7 \u03bb\u03b1\u03bd\u03b6\u03b1\u03c1\u03cc\u03c4\u03b5 \u03ba\u03cd\u03c0\u03c1\u03bf\u03c2 13-QUENTEL J-C, Marcel Gauchet et la m\u00e9diation : une m\u00eame pr\u00e9occupation anthropologique, in GAUCHET M, QUENTEL J-C, Histoire du Sujet et th\u00e9orie de la Personne. La rencontre Marcel Gauchet Jean Gagnepain, Rennes, PU Rennes, 2009, p 51-69. Riad Sattouf Jy vais de temps en temps pour voir ma famille, mais la plupart des lieux o\u00f9 je sortais ont disparu. Par exemple, Rennes Musique, meilleur disquaire de France, o\u00f9 on laissait des petites annonces pour trouver un groupe, ou Les Tontons Flingueurs, super minisalle de concerts Et puis, aussi, il y a de moins en moins de bars. A notre \u00e9poque, Rennes \u00e9tait la ville de lalcool! Tout cela a disparu. Le Premier ministre a annonc\u00e9, jeudi 28 mai, les diff\u00e9rentes mesures de la phase 2 du d\u00e9confinement. Celle-ci met fin \u00e0 un bon nombre de restrictions mises.-Parent\u00e9, parentalit\u00e9, filiation. De quoi parle-t-on, Journ\u00e9e d\u00e9tude Parentalit\u00e9s adoptives et filiation, organis\u00e9e par Parentel, 30 janvier 2015, Brest.  Int\u00e9ressant, non? Ensuite, nous attendons votre candidature! Avant de cliquer sur Je postule, assurez-vous de respecter les crit\u00e8res d\u00e9ligibilit\u00e9 de Speaking-Agency :  \u03b4\u03b9\u03b1\u03c4\u03c1\u03bf\u03c6\u03b7 \u03b3\u03b9\u03b1 \u03c0\u03b1\u03b9\u03b4\u03b9\u03b1 10 \u03b5\u03c4\u03c9\u03bd \u03cc\u03c3\u03ba\u03b1\u03c1 \u03bf\u03c5\u03ac\u03b9\u03bb\u03bd\u03c4 \u03c0\u03bf\u03b9\u03ae\u03bc\u03b1\u03c4\u03b1 \u03a3\u03b5 \u03b1\u03c0\u03cc\u03b8\u03b5\u03bc\u03b1 \u03c7\u03bf\u03c5\u03c2 \u03b5\u03b9 \u03ba\u03b1\u03b9 \u03b5\u03b9\u03c2 \u03c7\u03bf\u03c5\u03bd \u03a0\u0391\u03a1\u0391\u0394\u039f\u03a3\u0397 \u03a3\u0395 1-3 \u0397\u039c\u0395\u03a1\u0395\u03a3 <img decoding=\"async\" src=\"http:\/\/m2-design.org\/img\/2f55ef76b23bf9301854871f0d2e5dfe.jpg\" alt=\"rencontre adolescent rennes\" align=\"center\"> L\u00e9onie Pernet Les p\u00e8res pleurent en \u00e9cho en playlist \u0391\u03bd\u03b4\u03c1\u03b9\u03ba\u03ae \u03b2\u03b5\u03c1\u03bc\u03bf\u03cd\u03b4\u03b1 Trial MARCO-1-\u039c\u03c0\u03ad\u03b6-46 with size have a stock of 1.0000-Jeux de r\u00f4les ou la dialectique de la personne, Communication aux 12 \u00e8 journ\u00e9es nationales du MAIS, 9-11 juin 1998, sur le th\u00e8me \u00eatre acteur de son devenir, Vannes, 10 juin 1998 publi\u00e9.  \u0391\u03bd\u03b4\u03c1\u03b9\u03ba\u03ae \u03b2\u03b5\u03c1\u03bc\u03bf\u03cd\u03b4\u03b1 Funky Buddha FBM002-03118-1-\u039c\u03c0\u03ad\u03b6-28 with size have a stock of 2.0000 <img decoding=\"async\" src=\"http:\/\/foxradio.fr\/wp-content\/uploads\/2018\/01\/DSC_0663-1024x768.jpg\" alt=\"rencontre adolescent rennes\" align=\"right\"> Le Bacchus est ouvert, pour les spectacles bien s\u00fbr! Et aussi pour manger, boire un verre, \u00e9couter un concert, se pr\u00e9lasser en terrasse To.. Il a fallu, pendant les deux premi\u00e8res ann\u00e9es apprendre \u00e0 se conna\u00eetre pour sapprivoiser : se familiariser avec le parcours de jeunes musulmans, n\u00e9s en Belgique ; \u00e9voquer les questions sociales, scolaires li\u00e9es \u00e0 ces parcours. Les questions du port du foulard, de l\u00e9galit\u00e9 hommes-femmes, de lint\u00e9gration, secou\u00e8rent nos \u00e9changes mais furent loccasion d\u00e9tablir une relation de confiance. Lobjectif du groupe \u00e9tant par la connaissance mutuelle, de d\u00e9passer pr\u00e9jug\u00e9s et malentendus, les sujets qui crispent nont pas \u00e9t\u00e9 \u00e9vit\u00e9s. D\u00e8s le d\u00e9but, on a pu noter des attitudes frisant le paternalisme chez certains, et chez dautres, des interrogations quant \u00e0 la d\u00e9marche de gens quils navaient gu\u00e8re eu lhabitude de fr\u00e9quenter. Situ\u00e9e rue du Chapitre dans le vieux Rennes, la boutique de cr\u00e9ateurs Chouette! expose une quarantaine de cr\u00e9ateurs locaux. Au sein de. 14. DENEUVILLE A, GUYARD H, QUENTEL J-C, Lenfant I.M.C. Et le langage. Quand dire, cest faire, T\u00e9tralogiques, 1993, 8, p. 105-127, P.U. De Rennes 2. <img decoding=\"async\" src=\"http:\/\/www.salttisgarden.gq\/fonds-ecran\/fond_ecran_cassis_300.jpg\" alt=\"rencontre adolescent rennes\" align=\"left\"> Louis Ch\u00e9did : Maintenant les ados parlent de son, pas de chanson. 9. R\u00f4le et place des assistants sociaux dans l\u00e9quipe mobile.<\/p>\n","protected":false},"excerpt":{"rendered":"<p>rencontre adolescent rennes<\/p>\n","protected":false},"author":1,"featured_media":0,"comment_status":"closed","ping_status":"closed","sticky":false,"template":"","format":"standard","meta":{"footnotes":""},"categories":[1],"tags":[],"_links":{"self":[{"href":"http:\/\/intranet.asbl.ca\/blog\/wp-json\/wp\/v2\/posts\/3229"}],"collection":[{"href":"http:\/\/intranet.asbl.ca\/blog\/wp-json\/wp\/v2\/posts"}],"about":[{"href":"http:\/\/intranet.asbl.ca\/blog\/wp-json\/wp\/v2\/types\/post"}],"author":[{"embeddable":true,"href":"http:\/\/intranet.asbl.ca\/blog\/wp-json\/wp\/v2\/users\/1"}],"replies":[{"embeddable":true,"href":"http:\/\/intranet.asbl.ca\/blog\/wp-json\/wp\/v2\/comments?post=3229"}],"version-history":[{"count":1,"href":"http:\/\/intranet.asbl.ca\/blog\/wp-json\/wp\/v2\/posts\/3229\/revisions"}],"predecessor-version":[{"id":3230,"href":"http:\/\/intranet.asbl.ca\/blog\/wp-json\/wp\/v2\/posts\/3229\/revisions\/3230"}],"wp:attachment":[{"href":"http:\/\/intranet.asbl.ca\/blog\/wp-json\/wp\/v2\/media?parent=3229"}],"wp:term":[{"taxonomy":"category","embeddable":true,"href":"http:\/\/intranet.asbl.ca\/blog\/wp-json\/wp\/v2\/categories?post=3229"},{"taxonomy":"post_tag","embeddable":true,"href":"http:\/\/intranet.asbl.ca\/blog\/wp-json\/wp\/v2\/tags?post=3229"}],"curies":[{"name":"wp","href":"https:\/\/api.w.org\/{rel}","templated":true}]}}