{"id":3237,"date":"2020-09-26T16:25:55","date_gmt":"2020-09-26T16:25:55","guid":{"rendered":"http:\/\/intranet.asbl.ca\/blog\/?p=3237"},"modified":"2020-09-21T15:49:46","modified_gmt":"2020-09-21T15:49:46","slug":"prostituees-monaco","status":"publish","type":"post","link":"http:\/\/intranet.asbl.ca\/blog\/2020\/09\/26\/prostituees-monaco\/","title":{"rendered":"Prostituees Monaco"},"content":{"rendered":"<p>Plusieurs avocats fran\u00e7ais nous ont dit quils nous avaient signal\u00e9 aux autorit\u00e9s comp\u00e9tentes, r\u00e9v\u00e8le Michael OBrien, PDG dEros. Les perspectives de poursuite sont loin dinqui\u00e9ter lentrepreneur : <img decoding=\"async\" src=\"http:\/\/footage.framepool.com\/shotimg\/427508785-child-prostitution-faridpur-district-street-prostitution-prostitute.jpg\" alt=\"prostituees monaco\" align=\"center\"> Ce sont des d\u00e9positions concordantes, remarque Laurie Duca, pr\u00e9sidente du tribunal correctionnel de Nice, devant les d\u00e9n\u00e9gations de la prox\u00e9n\u00e8te pr\u00e9sum\u00e9e. Pour r\u00e9sumer, vous reconnaissez le prox\u00e9n\u00e9tisme par aide et assistance mais vous pr\u00e9sentez cela comme une action de solidarit\u00e9 dans le cadre dune activit\u00e9 que vous exercez \u00e9galement. Le magazine f\u00e9ministe sur internet Cheek proteste contre la couverture Il sappelait Sami et navait pas 17 ans, un ancien ami la tu\u00e9 \u00e0 Agen. La D\u00e9p\u00eache, Sud-Ouest, le Petit Bleu. Ceux den bas constituent une soci\u00e9t\u00e9 cosmopolite, h\u00e9t\u00e9rog\u00e8ne, surtout urbaine dont les besoins en infrastructures sont \u00e9normes. DES INT\u00c9R\u00caTS INCONCILIABLES  Pour plus dinformations, consulter la rubrique Entr\u00e9e S\u00e9jour de la pr\u00e9sente fiche. Et attendu que les arr\u00eats sont r\u00e9guliers en la forme ; La mairie de Monaco a d\u00e9cid\u00e9 de rouvrir certains de ses services dans le cadre du plan de lev\u00e9e progressive du confinement.  La prox\u00e9n\u00e8te aidait des Br\u00e9siliens \u00e0 se prostituer \u00e0 Monaco-Monaco-Matin Tout le monde le sait, chaque ann\u00e9e, pour le festival, entre 30 et 40 yachts de luxe arrivent dans la baie de Cannes. Ils appartiennent \u00e0 des gens richissimes. Chaque bateau a \u00e0 bord une dizaine de filles ; ce sont des top model qui sont nues ou \u00e0 moiti\u00e9 nues toute la journ\u00e9e, on leur sert de la drogue et de lalcool \u00e0 volont\u00e9. Avant de la laisser faire ses armes sur le net, un Bescherelle!!!! En r\u00e9sonance aux pr\u00e9occupations actuelles sur le changement climatique ce projet visait \u00e0 relever deux d\u00e9fis. 1 Initier un r\u00e9seau de robots dobservation de loc\u00e9an Austral, en particulier sous la glace durant tout lhiver et 2 partager avec le grand public ces nouvelles connaissances. En 2020, les femmes continuent de subir une certaine pression de la soci\u00e9t\u00e9 pour avoir des enfants. D\u00e8s lors, celles qui affirment ne pas vouloir \u00eatre m\u00e8re doivent faire face..  Lib\u00e9r\u00e9 apr\u00e8s six semaines de d\u00e9tention \u00e0 l\u00e9t\u00e9 2013, Carlos Silva a justifi\u00e9 de la provenance des 2 millions deuros saisis par une vente de terrain en Angola, documents \u00e0 lappui. Dans le bureau du juge dinstruction, le 14 d\u00e9cembre 2014, lhomme daffaires portugo-angolais sest longuement expliqu\u00e9 tant sur la provenance des fonds, que leur utilisation et leur s\u00e9jour avort\u00e9 \u00e0 Monaco. <img decoding=\"async\" src=\"http:\/\/www.cairn.info\/loadimg.php?FILE=CPE\/CPE_038\/CPE_038_0044\/CPE_idPAS_D_ISBN_pu2003-08s_pa01-da08_art05_img005.png\" alt=\"prostituees monaco\" align=\"center\"> Netflix vient de mettre un terme au mois dessai gratuit en France. Cens\u00e9e s\u00e9duire toujours plus de nouveaux utilisateurs, cette p\u00e9riode de test sans frais \u00e9tait pourtant lun.. Le t\u00e9moignage de la prostitu\u00e9e qui a retrouv\u00e9 Lamar Odom inconscient au Love Ranch En novembre 1879, une instruction fut requise contre Adeline Tanner du chef dusage de faux et de port de faux nom. Le 15 novembre, la chambre du Conseil la renvoya devant le tribunal correctionnel qui, le 15 janvier 1880, la condamna \u00e0 quinze jours de prison A.E.Anderlecht, Parquet g\u00e9n\u00e9ral, n124, procureur du roi Willemaers au procureur g\u00e9n\u00e9ral Verdussen, 3091880. Signalons encore quen justice, si Roger fut condamn\u00e9 \u00e0 un an de prison, cinq cents francs damende et mille francs de dommages et int\u00e9r\u00eats pour excitation \u00e0 la d\u00e9bauche sur Tanner, il fut acquitt\u00e9 pour coups et blessures et enl\u00e8vement de mineure sur la m\u00eame personne. <img decoding=\"async\" src=\"http:\/\/www.insbtallers.cf\/wp-content\/uploads\/2017\/04\/projecteur-chantier-led-n8led-21.jpg\" alt=\"prostituees monaco\" align=\"center\">.<\/p>\n","protected":false},"excerpt":{"rendered":"<p>prostituees monaco<\/p>\n","protected":false},"author":1,"featured_media":0,"comment_status":"closed","ping_status":"closed","sticky":false,"template":"","format":"standard","meta":{"footnotes":""},"categories":[1],"tags":[],"_links":{"self":[{"href":"http:\/\/intranet.asbl.ca\/blog\/wp-json\/wp\/v2\/posts\/3237"}],"collection":[{"href":"http:\/\/intranet.asbl.ca\/blog\/wp-json\/wp\/v2\/posts"}],"about":[{"href":"http:\/\/intranet.asbl.ca\/blog\/wp-json\/wp\/v2\/types\/post"}],"author":[{"embeddable":true,"href":"http:\/\/intranet.asbl.ca\/blog\/wp-json\/wp\/v2\/users\/1"}],"replies":[{"embeddable":true,"href":"http:\/\/intranet.asbl.ca\/blog\/wp-json\/wp\/v2\/comments?post=3237"}],"version-history":[{"count":1,"href":"http:\/\/intranet.asbl.ca\/blog\/wp-json\/wp\/v2\/posts\/3237\/revisions"}],"predecessor-version":[{"id":3238,"href":"http:\/\/intranet.asbl.ca\/blog\/wp-json\/wp\/v2\/posts\/3237\/revisions\/3238"}],"wp:attachment":[{"href":"http:\/\/intranet.asbl.ca\/blog\/wp-json\/wp\/v2\/media?parent=3237"}],"wp:term":[{"taxonomy":"category","embeddable":true,"href":"http:\/\/intranet.asbl.ca\/blog\/wp-json\/wp\/v2\/categories?post=3237"},{"taxonomy":"post_tag","embeddable":true,"href":"http:\/\/intranet.asbl.ca\/blog\/wp-json\/wp\/v2\/tags?post=3237"}],"curies":[{"name":"wp","href":"https:\/\/api.w.org\/{rel}","templated":true}]}}