{"id":3281,"date":"2020-09-26T12:03:48","date_gmt":"2020-09-26T12:03:48","guid":{"rendered":"http:\/\/intranet.asbl.ca\/blog\/?p=3281"},"modified":"2020-09-21T17:04:13","modified_gmt":"2020-09-21T17:04:13","slug":"rencontres-passerelles-reims-2009","status":"publish","type":"post","link":"http:\/\/intranet.asbl.ca\/blog\/2020\/09\/26\/rencontres-passerelles-reims-2009\/","title":{"rendered":"Rencontres Passerelles Reims 2009"},"content":{"rendered":"<p><img decoding=\"async\" src=\"http:\/\/www.puortaldovt.cf\/cache\/avatars\/98999_1524514348_fr.png\" alt=\"rencontres passerelles reims 2009\" align=\"left\"> Un acc\u00e8s encore peu connu qui ne tardera pas \u00e0 sortir de lombre gr\u00e2ce \u00e0 un renforcement de la communication et \u00e0 limportante signal\u00e9tique bient\u00f4t mise sur pied.  En poursuivant votre navigation sur ce site, vous acceptez lutilisation de cookies ou autres traceurs pour r\u00e9aliser des statistiques de visites. <img decoding=\"async\" src=\"http:\/\/othoharmonie.t.o.f.unblog.fr\/files\/2015\/09\/earth-erde.jpg\" alt=\"rencontres passerelles reims 2009\" align=\"right\">  Organisation \u00e0 Sciences Po Paris \u00e0 Reims le 10. 11 dune rencontre avec le metteur en sc\u00e8ne, com\u00e9dien et traducteur franco-argentin Marcial Di Fonzo Bo autour de la repr\u00e9sentation de la pi\u00e8ce du dramaturge argentin contemporain Rafael Spregelburd Lent\u00eatement La terquedad \u00e0 la Com\u00e9die Mireille et Michel se sont redit oui, mais cette fois, en pr\u00e9sence de leurs enfants! Vers 13 heures, ce jour-l\u00e0, deux automitrailleuses allemandes d\u00e9val\u00e8rent le raidillon menant \u00e0 la ferme et attaqu\u00e8rent les partisans. Mais devant la pr\u00e9sence des blind\u00e9s, ceux-ci d\u00e9croch\u00e8rent pour atteindre le bois dEclisse en terrain d\u00e9couvert Cette attaque \u00e9clair fit onze morts et six bless\u00e9s se souvient M. Cousin avant dajouter le lendemain, 29 ao\u00fbt, nous retrouvions notre libert\u00e9, la r\u00e9gion \u00e9tait lib\u00e9r\u00e9e.Cest donc avec beaucoup d\u00e9motion que sest d\u00e9roul\u00e9e cette c\u00e9r\u00e9monie au cours de laquelle ont \u00e9t\u00e9 d\u00e9pos\u00e9es des gerbes Maquis de Champlat, Souvenir fran\u00e7ais et commune de Chaumuzy et o\u00f9 lon a pu entendre la Marseillaise ou le chant des partisans. Pr\u00e9sident de la section UNC de Cormontreuil, Claude Vi\u00e9ville a \u00e9galement eu une pens\u00e9e pour les dix militaires tu\u00e9s en Afghanistan Hier midi, un feu de local \u00e0 vide-ordures sest d\u00e9clar\u00e9 all\u00e9e des Picards, au n 2. Nous avons \u00e9t\u00e9 t\u00e9moins daccusations selon lesquelles le coronavirus a \u00e9t\u00e9 d\u00e9velopp\u00e9 dans des laboratoires am\u00e9ricains mais aussi dinformations qui exag\u00e9raient le soutien de la Chine \u00e0 lUE et beaucoup de propagande, qui indiquait que les Etats europ\u00e9ens et leurs institutions d\u00e9mocratiques n\u00e9taient pas capables de g\u00e9rer la crise. Nous avons des preuves qui indiquent que cette d\u00e9sinformation a \u00e9t\u00e9 massive. Et cest assez nouveau, cest un changement : il sagit dune communication plus affirm\u00e9e sur le territoire europ\u00e9en et ciblant les citoyens de lUE, a-t-elle d\u00e9taill\u00e9. Thierry Bodson FGTB: Nos d\u00e9cisions ne sont pas influenc\u00e9es par le PTB  D\u00e8s 1996, les critiques fusent. Le d\u00e9put\u00e9 et conseiller g\u00e9n\u00e9ral domicili\u00e9 \u00e0 Paris, est peu pr\u00e9sent dans lAisne mais il est r\u00e9\u00e9lu face au FN en 1997. Dans le m\u00eame temps, Dutreil travaille en sous-main pour la fusion UDF-RPR et finit par quitter D\u00e9mocratie Lib\u00e9rale dAlain Madelin trop ultra-lib\u00e9ral, selon lui pour rejoindre le groupe UDF \u00e0 lAssembl\u00e9e. Il est consid\u00e9r\u00e9 comme lun des artisans de lUMP. Cest dans ce contexte asphyxiant que les autorit\u00e9s ont pris la d\u00e9cision de rouvrir le pays en d\u00e9pit de la crise sanitaire. Le temps donn\u00e9 par le confinement na pas \u00e9t\u00e9 utilis\u00e9 assez efficacement pour pr\u00e9parer le syst\u00e8me de sant\u00e9 \u00e0 g\u00e9rer la pand\u00e9mie, pr\u00e9vient le Dr Ghosh. Mais les autorit\u00e9s disent ne plus avoir le choix. Arvind Kejriwal, chef de lex\u00e9cutif de la capitale, mart\u00e8le lobjectif : Nous devons apprendre \u00e0 vivre avec le virus. Lundi, ce dernier \u00e9tait souffrant et a d\u00fb sisoler dans lattente des r\u00e9sultats dun test de d\u00e9pistage. Communication au Colloque Les fins de si\u00e8cles en Espagne organis\u00e9 \u00e0 Paris Colegio de Espa\u00f1a par le CREC, sur Joaqu\u00edn Sorolla et Ignacio Zuloaga : le clair-obscur dune Espagne fin de si\u00e8cle? en collaboration avec Evelyne Ricci publi\u00e9e dans les Actes du Colloque en 2003 dirs. Jean-Ren\u00e9 Aymes et Serge Sala\u00fcn, Paris, Presses de la Sorbonne Nouvelle, pp. 221-235 Lundi, \u00e0 l\u00e9cole Tournebonneau, une grande f\u00eate avec 25 jeux diff\u00e9rents a rassembl\u00e9 250 enfants de 7 accueils de loisirs des maisons de quartier pour linauguration. Lordre de mission de ce groupe est de redessiner un futur \u00e0 la culture dixit B\u00e9n\u00e9dicte Linard. Il nest pas question de d\u00e9tricoter ce qui existe mais de se laisser surprendre par le terrain et en profiter pour redynamiser la place de la culture dixit le copr\u00e9sident Philippe Kauffmann. Chantier colossal, occasion unique post-crise qui passe par une r\u00e9flexion sur la place du public, qui a des droits et nest pas simplement passif dixit la copr\u00e9sidente C\u00e9line Romainville : tout est \u00e0 faire en mati\u00e8re de m\u00e9diation. \u00c0 loccasion de la f\u00eate nationale, le cin\u00e9ma plein air ne sest pas d\u00e9roul\u00e9 dans le parc comme pr\u00e9vu. Conservateur du mus\u00e9e de la Reddition, Marc Bouxin, passionn\u00e9 dHistoire, retrace les grandes \u00e9tapes de la lib\u00e9ration de Reims les 29 et 30 ao\u00fbt 1944. C\u00e9line Romainville UCLouvain, copr\u00e9sidente, sp\u00e9cialiste des droits culturels-Bruno DAlimonte. <img decoding=\"async\" src=\"http:\/\/www.caravanedesdixmots.com\/caravane\/suisse-dlf.jpg\" alt=\"rencontres passerelles reims 2009\" align=\"right\">.<\/p>\n","protected":false},"excerpt":{"rendered":"<p>rencontres passerelles reims 2009<\/p>\n","protected":false},"author":1,"featured_media":0,"comment_status":"closed","ping_status":"closed","sticky":false,"template":"","format":"standard","meta":{"footnotes":""},"categories":[1],"tags":[],"_links":{"self":[{"href":"http:\/\/intranet.asbl.ca\/blog\/wp-json\/wp\/v2\/posts\/3281"}],"collection":[{"href":"http:\/\/intranet.asbl.ca\/blog\/wp-json\/wp\/v2\/posts"}],"about":[{"href":"http:\/\/intranet.asbl.ca\/blog\/wp-json\/wp\/v2\/types\/post"}],"author":[{"embeddable":true,"href":"http:\/\/intranet.asbl.ca\/blog\/wp-json\/wp\/v2\/users\/1"}],"replies":[{"embeddable":true,"href":"http:\/\/intranet.asbl.ca\/blog\/wp-json\/wp\/v2\/comments?post=3281"}],"version-history":[{"count":1,"href":"http:\/\/intranet.asbl.ca\/blog\/wp-json\/wp\/v2\/posts\/3281\/revisions"}],"predecessor-version":[{"id":3282,"href":"http:\/\/intranet.asbl.ca\/blog\/wp-json\/wp\/v2\/posts\/3281\/revisions\/3282"}],"wp:attachment":[{"href":"http:\/\/intranet.asbl.ca\/blog\/wp-json\/wp\/v2\/media?parent=3281"}],"wp:term":[{"taxonomy":"category","embeddable":true,"href":"http:\/\/intranet.asbl.ca\/blog\/wp-json\/wp\/v2\/categories?post=3281"},{"taxonomy":"post_tag","embeddable":true,"href":"http:\/\/intranet.asbl.ca\/blog\/wp-json\/wp\/v2\/tags?post=3281"}],"curies":[{"name":"wp","href":"https:\/\/api.w.org\/{rel}","templated":true}]}}