{"id":3283,"date":"2020-09-26T06:29:47","date_gmt":"2020-09-26T06:29:47","guid":{"rendered":"http:\/\/intranet.asbl.ca\/blog\/?p=3283"},"modified":"2020-09-21T17:04:38","modified_gmt":"2020-09-21T17:04:38","slug":"rencontre-au-sommet-chamonix","status":"publish","type":"post","link":"http:\/\/intranet.asbl.ca\/blog\/2020\/09\/26\/rencontre-au-sommet-chamonix\/","title":{"rendered":"Rencontre Au Sommet Chamonix"},"content":{"rendered":"<p>Faites un cadeau original pour faire d\u00e9couvrir la montagne encadr\u00e9e par des professionnels. Dans le cadre de lexposition, depuis le 1er juillet jusquau 24 septembre 2017, le film de sera multidiffus\u00e9 au sein de la m\u00e9diath\u00e8que de Chamonix. Cette exposition retrace lhistoire des alpages de la vall\u00e9e de Chamonix : de Blaiti\u00e8re \u00e0 la Fl\u00e9g\u00e8re en passant par Balme et Loriaz, Pormenaz ou Arlev\u00e9.. Ou l\u00e9volution au cours des ann\u00e9es de ces territoires situ\u00e9s \u00e0 2000 m\u00e8tres daltitude, autrefois d\u00e9di\u00e9s \u00e0 la p\u00e2ture des troupeaux. Une page est tourn\u00e9e, une belle aventure not\u00e9e sur le calepin de ma vie daventurier \u00e0 cloche pied.   La projection sera suivie dun d\u00e9batrencontre avec le peintre et po\u00e8te. Lyon Capitale a rencontr\u00e9 Vivian Bruchez, skieur chamoniard de pente raide 32 ans, aujourdhui consid\u00e9r\u00e9 par ses pairs, comme lune des plus grandes signatures de steep skiing. <img decoding=\"async\" src=\"http:\/\/blog.group-magellan.com\/wp-content\/gallery\/incentive-chamonix-2014\/convention-chamonix.jpg\" alt=\"rencontre au sommet chamonix\" align=\"center\"> Belle \u00e9claircie matinale fin du f\u0153hn, puis averses orageuses, localement fortes Terray et Lachenal vivent tous les deux chichement. Ils nont pas les moyens dacheter les nouvelles chaussures \u00e0 semelles Vibram. Lachenal en bricole deux paires avec des pneus de camion celles quils porteront aux Jorasses! Leur avenir ne tarde pas \u00e0 s\u00e9claircir. Lionel Terray int\u00e8gre la Compagnie des guides de Chamonix et devient professeur \u00e0 lEcole nationale de ski et dalpinisme. Lachenal est instructeur \u00e0 lUnion nationale des centres de montagne. Au prix dun gros engagement physique, ils arrivent \u00e0 conjuguer le m\u00e9tier de guide et le grand alpinisme. Avant demboiter le pas \u00e0 Pierre Allain dans la Walker, ils s\u00e9chauffent dans l\u00e9peron nord des droites quils sortent dans la journ\u00e9e. Puis ils partent l\u00e9gers pour les Jorasses, convaincus quils pourront sortir aussi dans la journ\u00e9e. Ils ont aval\u00e9 les deux tiers de la paroi quand lorage les cueille. Ils sortent \u00e9puis\u00e9s apr\u00e8s un bivouac sans \u00e9quipement, mais ils savent que leur duo est soud\u00e9, \u00e0 la hauteur des plus grandes courses des Alpes. Le Cervin gravi \u00e0 la h\u00e2te, la terrible face nord de lEiger les attend. Mais deux ans passent. Terray est handicap\u00e9 par une blessure \u00e0 la main, grimpe peu, sinstalle un temps au Quebec comme entraineur de l\u00e9quipe nationale de ski. Cette fois, cest Marianne qui coupe court \u00e0 un d\u00e9but dembourgeoisement. Le 14 juillet 1947, Louis et Lionel sont au pied de lEiger et trois jours de bagarre plus tard, ils se dressent au sommet, au bord de l\u00e9puisement. Cest la deuxi\u00e8me ascension de la paroi redout\u00e9e ; la presse fait deux des h\u00e9ros. Trois ans plus tard, au retour de lAnnapurna, cest encore plus fou. A Orly, une ovation accueille Terray qui porte dans ses bras Lachenal, pieds band\u00e9s. Terray a jou\u00e9 un r\u00f4le majeur pour les portages daltitude et le sauvetage des deux vainqueurs pendant la descente \u00e9pique du premier 8 000. Mais cest Herzog, le chef dexp\u00e9dition, qui ramasse la mise : La presse, ce tyran des temps modernes qui, \u00e0 elle seule peut cr\u00e9er et d\u00e9truire les h\u00e9ros et les mythes, sempara de notre Odyss\u00e9e Oubliant d\u00e9lib\u00e9r\u00e9ment la notion trop abstraite de victoire d\u00e9quipe, les journaux \u00e9lev\u00e8rent Herzog au rang de h\u00e9ros national, les autres membres de lexp\u00e9dition, Lachenal compris, \u00e9tant rel\u00e9gu\u00e9s dans des r\u00f4les de simples comparses Moins dune semaine apr\u00e8s notre retour triomphal, javais d\u00e9j\u00e0 repris le piolet. De promouvoir les initiatives personnelles et collectives de personnes amput\u00e9es; Vous allez passer quelques jours \u00e0 Chamonix? Paradis naturel, la vall\u00e9e regorge de tr\u00e9sors \u00e0 d\u00e9couvrir. Parmi eux, le non moins connu Mont-Blanc culminant \u00e0 4 810 m de haut. Surnomm\u00e9 le Toit de lEurope, il s\u00e9duit chaque visiteur qui en fait la rencontre, promettant des souvenirs immuables Cocteau fut un de ses habitu\u00e9s, Roger Vadim y tourna des sc\u00e8nes des Liaisons dangereuses. Lh\u00f4tel Mont Blanc de Meg\u00e8ve, du groupe Sibuet, fait partie de ces stars hivernales au savoir-vivre \u00e9tudi\u00e9, m\u00ealant styles savoyard, autrichien et anglais G. De Laubier <img decoding=\"async\" src=\"http:\/\/pro.auvergnerhonealpes-tourisme.com\/images\/article\/19bfcb58804756b403b7ec50d7571da0460e8ff7.jpg\" alt=\"rencontre au sommet chamonix\" align=\"right\">  Jai surf\u00e9 sur quelques vagues avec un enfant et cela a eu plus deffet sur moi que de faire la couverture du magazine Surfer ou de gagner nimporte quelle comp\u00e9tition, cest fou, a-t-il d\u00e9clar\u00e9. Cette vague d\u00e9motion \u00e9tait incomparable. C\u00e9tait vraiment bouleversant dy assister.-CAIXA Cultural Rio de Janeiro, du 2 f\u00e9vrier 2016 au 27 mars 2016 Le nouveau titre de la de Seven Doc : est disponible en boutiques sp\u00e9cialis\u00e9es telles que : VPC, VPC, Pau, Paris. Cette article existe en diff\u00e9rent format, choisisez : Vue sur les glaciers depuis lAiguille du midi Un panorama sur cinq glaciers du Massif du Mont Blanc Objectif : faire vivre la montagne et les espaces prot\u00e9g\u00e9s zoom sur le m\u00e9l\u00e8ze <img decoding=\"async\" src=\"http:\/\/alta-via.fr\/guide\/images\/catalogue\/intro\/0160-alpinisme-arolla.jpg\" alt=\"rencontre au sommet chamonix\" align=\"center\"> Apr\u00e8s une travers\u00e9e du centre-ville de Chamonix, nous nous sommes dirig\u00e9s vers une autre attraction embl\u00e9matique de Chamonix-Mont-Blanc :! F\u00eate des Guides \u00e0 Chamonix Un sommet de solidarit\u00e9 et de tradition FYKmag Soyez aussi prudents au d\u00e9part du t\u00e9l\u00e9ph\u00e9rique de Chamonix \u00e0 Aiguille du Midi. Consultez la veille et le jour m\u00eame le tableau des horaires pour ne pas perdre de temps sur place. Ferait du bien davoir u n e rencontre au sommet, u ne esp\u00e8ce de grande rencontre..<\/p>\n","protected":false},"excerpt":{"rendered":"<p>rencontre au sommet chamonix<\/p>\n","protected":false},"author":1,"featured_media":0,"comment_status":"closed","ping_status":"closed","sticky":false,"template":"","format":"standard","meta":{"footnotes":""},"categories":[1],"tags":[],"_links":{"self":[{"href":"http:\/\/intranet.asbl.ca\/blog\/wp-json\/wp\/v2\/posts\/3283"}],"collection":[{"href":"http:\/\/intranet.asbl.ca\/blog\/wp-json\/wp\/v2\/posts"}],"about":[{"href":"http:\/\/intranet.asbl.ca\/blog\/wp-json\/wp\/v2\/types\/post"}],"author":[{"embeddable":true,"href":"http:\/\/intranet.asbl.ca\/blog\/wp-json\/wp\/v2\/users\/1"}],"replies":[{"embeddable":true,"href":"http:\/\/intranet.asbl.ca\/blog\/wp-json\/wp\/v2\/comments?post=3283"}],"version-history":[{"count":1,"href":"http:\/\/intranet.asbl.ca\/blog\/wp-json\/wp\/v2\/posts\/3283\/revisions"}],"predecessor-version":[{"id":3284,"href":"http:\/\/intranet.asbl.ca\/blog\/wp-json\/wp\/v2\/posts\/3283\/revisions\/3284"}],"wp:attachment":[{"href":"http:\/\/intranet.asbl.ca\/blog\/wp-json\/wp\/v2\/media?parent=3283"}],"wp:term":[{"taxonomy":"category","embeddable":true,"href":"http:\/\/intranet.asbl.ca\/blog\/wp-json\/wp\/v2\/categories?post=3283"},{"taxonomy":"post_tag","embeddable":true,"href":"http:\/\/intranet.asbl.ca\/blog\/wp-json\/wp\/v2\/tags?post=3283"}],"curies":[{"name":"wp","href":"https:\/\/api.w.org\/{rel}","templated":true}]}}